{"id":11277,"date":"2025-02-07T15:21:21","date_gmt":"2025-02-07T15:21:21","guid":{"rendered":"https:\/\/bc3.es\/?p=11277"},"modified":"2025-02-10T07:51:12","modified_gmt":"2025-02-10T07:51:12","slug":"innovation-et-style-le-nouveau-projet-de-bc3-cocinas-en-collaboration-avec-inmaculada-recio","status":"publish","type":"post","link":"https:\/\/bc3.es\/fr\/innovation-et-style-le-nouveau-projet-de-bc3-cocinas-en-collaboration-avec-inmaculada-recio\/","title":{"rendered":"Innovation et Style : Le Nouveau Projet de BC3 Cocinas en Collaboration avec Inmaculada Recio"},"content":{"rendered":"\t\t<div data-elementor-type=\"wp-post\" data-elementor-id=\"11277\" class=\"elementor elementor-11277 elementor-11276\">\n\t\t\t\t\t\t<section class=\"elementor-section elementor-top-section elementor-element elementor-element-e4c3833 elementor-section-boxed elementor-section-height-default elementor-section-height-default\" data-id=\"e4c3833\" data-element_type=\"section\" data-settings=\"{&quot;ekit_has_onepagescroll_dot&quot;:&quot;yes&quot;}\">\n\t\t\t\t\t\t<div class=\"elementor-container elementor-column-gap-default\">\n\t\t\t\t\t<div class=\"elementor-column elementor-col-100 elementor-top-column elementor-element elementor-element-43cca28e\" data-id=\"43cca28e\" data-element_type=\"column\">\n\t\t\t<div class=\"elementor-widget-wrap elementor-element-populated\">\n\t\t\t\t\t\t<div class=\"elementor-element elementor-element-1e07ca98 elementor-widget elementor-widget-text-editor\" data-id=\"1e07ca98\" data-element_type=\"widget\" data-settings=\"{&quot;ekit_we_effect_on&quot;:&quot;none&quot;}\" data-widget_type=\"text-editor.default\">\n\t\t\t\t<div class=\"elementor-widget-container\">\n\t\t\t\t\t\t\t\t\t<p>Chez BC3 Cocinas, nous sommes ravis de pr\u00e9senter l\u2019un de nos projets les plus r\u00e9cents, r\u00e9alis\u00e9 en partenariat avec Inmaculada Recio Studio. Ce projet a \u00e9t\u00e9 con\u00e7u pour inspirer les professionnels \u00e0 la recherche de solutions innovantes, \u00e9l\u00e9gantes et fonctionnelles dans la conception de cuisines. Une planification minutieuse et une s\u00e9lection rigoureuse de mat\u00e9riaux de haute qualit\u00e9 ont permis de cr\u00e9er un espace o\u00f9 l&rsquo;esth\u00e9tique et la fonctionnalit\u00e9 se rejoignent parfaitement. Comme l&rsquo;explique Inmaculada Recio : \u00ab Nous avons d\u00e9cid\u00e9 de travailler sur ce projet avec BC3 pour le design, l&rsquo;innovation et, avant tout, la qualit\u00e9. Ensemble, nous avons r\u00e9ussi \u00e0 cr\u00e9er cette magnifique cuisine, et nos clients sont tr\u00e8s satisfaits du r\u00e9sultat. \u00bb<\/p>\n<p>&nbsp;<\/p>\n<p>Le design de la cuisine s\u2019articule autour d\u2019un grand \u00eelot central, v\u00e9ritable c\u0153ur de la convivialit\u00e9 familiale. Cet \u00e9l\u00e9ment n\u2019est pas seulement esth\u00e9tique, il optimise \u00e9galement le rangement et est rev\u00eatu de porcelaine imitation pierre calacatta, apportant une touche de sophistication tout en conservant la chaleur du noyer qui orne d\u2019autres parties de l\u2019espace. Les meubles sup\u00e9rieurs int\u00e8grent la porte \u00e9l\u00e9gante Tirol, un mod\u00e8le exclusif en bois de noyer rainur\u00e9 qui ajoute texture et chaleur, tandis que les meubles inf\u00e9rieurs contrastent avec la porte Trento moderne, au fini lisse et laqu\u00e9. Pour r\u00e9pondre aux besoins architecturaux sp\u00e9cifiques, une vitrine avec porte P8 a \u00e9t\u00e9 ajout\u00e9e, int\u00e9grant fonctionnalit\u00e9 et harmonie au design g\u00e9n\u00e9ral de la cuisine.<\/p>\n<p><img fetchpriority=\"high\" decoding=\"async\" class=\"aligncenter wp-image-11288 size-full\" src=\"https:\/\/bc3.es\/wp-content\/uploads\/2024\/11\/Cocinas-BC3_-001V7_INMA_low.jpg\" alt=\"\" width=\"2389\" height=\"1593\" srcset=\"https:\/\/bc3.es\/wp-content\/uploads\/2024\/11\/Cocinas-BC3_-001V7_INMA_low.jpg 2389w, https:\/\/bc3.es\/wp-content\/uploads\/2024\/11\/Cocinas-BC3_-001V7_INMA_low-300x200.jpg 300w, https:\/\/bc3.es\/wp-content\/uploads\/2024\/11\/Cocinas-BC3_-001V7_INMA_low-1024x683.jpg 1024w, https:\/\/bc3.es\/wp-content\/uploads\/2024\/11\/Cocinas-BC3_-001V7_INMA_low-768x512.jpg 768w, https:\/\/bc3.es\/wp-content\/uploads\/2024\/11\/Cocinas-BC3_-001V7_INMA_low-1536x1024.jpg 1536w, https:\/\/bc3.es\/wp-content\/uploads\/2024\/11\/Cocinas-BC3_-001V7_INMA_low-2048x1366.jpg 2048w\" sizes=\"(max-width: 2389px) 100vw, 2389px\" \/><\/p>\n<p><strong>Engagement envers l&rsquo;Innovation et l&rsquo;Excellence<\/strong><\/p>\n<p>&nbsp;<\/p>\n<p>Avec une capacit\u00e9 de production de plus de 36 000 unit\u00e9s par an dans ses sept centres de fabrication en Espagne, BC3 Cocinas r\u00e9affirme sa position de leader dans le secteur. Notre engagement envers des mat\u00e9riaux durables et des technologies de pointe nous permet de proposer des produits qui non seulement suivent les tendances actuelles, mais anticipent \u00e9galement les besoins en mati\u00e8re de design et de fonctionnalit\u00e9. Ce projet, r\u00e9alis\u00e9 en collaboration avec Inmaculada Recio Studio, t\u00e9moigne de notre d\u00e9vouement \u00e0 la qualit\u00e9, \u00e0 l&rsquo;innovation et \u00e0 l&rsquo;attention aux d\u00e9tails dans chacun de nos travaux.<\/p>\n\t\t\t\t\t\t\t\t<\/div>\n\t\t\t\t<\/div>\n\t\t\t\t<div class=\"elementor-element elementor-element-a4023fa gallery-spacing-custom elementor-widget elementor-widget-image-gallery\" data-id=\"a4023fa\" data-element_type=\"widget\" data-settings=\"{&quot;ekit_we_effect_on&quot;:&quot;none&quot;}\" data-widget_type=\"image-gallery.default\">\n\t\t\t\t<div class=\"elementor-widget-container\">\n\t\t\t\t\t\t\t<div class=\"elementor-image-gallery\">\n\t\t\t\n<a data-elementor-open-lightbox=\"yes\" data-elementor-lightbox-slideshow=\"a4023fa\" data-elementor-lightbox-title=\"Cocinas-BC3_-001V3_INMA_low\" data-e-action-hash=\"#elementor-action%3Aaction%3Dlightbox%26settings%3DeyJpZCI6MTEyODYsInVybCI6Imh0dHBzOlwvXC9iYzMuZXNcL3dwLWNvbnRlbnRcL3VwbG9hZHNcLzIwMjRcLzExXC9Db2NpbmFzLUJDM18tMDAxVjNfSU5NQV9sb3ctc2NhbGVkLmpwZyIsInNsaWRlc2hvdyI6ImE0MDIzZmEifQ%3D%3D\" href='https:\/\/bc3.es\/wp-content\/uploads\/2024\/11\/Cocinas-BC3_-001V3_INMA_low-scaled.jpg'><img decoding=\"async\" width=\"150\" height=\"150\" src=\"https:\/\/bc3.es\/wp-content\/uploads\/2024\/11\/Cocinas-BC3_-001V3_INMA_low-150x150.jpg\" class=\"attachment-thumbnail size-thumbnail\" alt=\"\" \/><\/a>\n<a data-elementor-open-lightbox=\"yes\" data-elementor-lightbox-slideshow=\"a4023fa\" data-elementor-lightbox-title=\"Cocinas-BC3_002v2_INMA_low\" data-e-action-hash=\"#elementor-action%3Aaction%3Dlightbox%26settings%3DeyJpZCI6MTEyOTQsInVybCI6Imh0dHBzOlwvXC9iYzMuZXNcL3dwLWNvbnRlbnRcL3VwbG9hZHNcLzIwMjRcLzExXC9Db2NpbmFzLUJDM18wMDJ2Ml9JTk1BX2xvdy1zY2FsZWQuanBnIiwic2xpZGVzaG93IjoiYTQwMjNmYSJ9\" href='https:\/\/bc3.es\/wp-content\/uploads\/2024\/11\/Cocinas-BC3_002v2_INMA_low-scaled.jpg'><img decoding=\"async\" width=\"150\" height=\"150\" src=\"https:\/\/bc3.es\/wp-content\/uploads\/2024\/11\/Cocinas-BC3_002v2_INMA_low-150x150.jpg\" class=\"attachment-thumbnail size-thumbnail\" alt=\"\" \/><\/a>\n<a data-elementor-open-lightbox=\"yes\" data-elementor-lightbox-slideshow=\"a4023fa\" data-elementor-lightbox-title=\"Cocinas-BC3_002v6_INMA_low\" data-e-action-hash=\"#elementor-action%3Aaction%3Dlightbox%26settings%3DeyJpZCI6MTEyOTgsInVybCI6Imh0dHBzOlwvXC9iYzMuZXNcL3dwLWNvbnRlbnRcL3VwbG9hZHNcLzIwMjRcLzExXC9Db2NpbmFzLUJDM18wMDJ2Nl9JTk1BX2xvdy1zY2FsZWQuanBnIiwic2xpZGVzaG93IjoiYTQwMjNmYSJ9\" href='https:\/\/bc3.es\/wp-content\/uploads\/2024\/11\/Cocinas-BC3_002v6_INMA_low-scaled.jpg'><img loading=\"lazy\" decoding=\"async\" width=\"150\" height=\"150\" src=\"https:\/\/bc3.es\/wp-content\/uploads\/2024\/11\/Cocinas-BC3_002v6_INMA_low-150x150.jpg\" class=\"attachment-thumbnail size-thumbnail\" alt=\"\" \/><\/a>\n<a data-elementor-open-lightbox=\"yes\" data-elementor-lightbox-slideshow=\"a4023fa\" data-elementor-lightbox-title=\"Cocinas-BC3_003v3_INMA_low\" data-e-action-hash=\"#elementor-action%3Aaction%3Dlightbox%26settings%3DeyJpZCI6MTEzMDIsInVybCI6Imh0dHBzOlwvXC9iYzMuZXNcL3dwLWNvbnRlbnRcL3VwbG9hZHNcLzIwMjRcLzExXC9Db2NpbmFzLUJDM18wMDN2M19JTk1BX2xvdy1zY2FsZWQuanBnIiwic2xpZGVzaG93IjoiYTQwMjNmYSJ9\" href='https:\/\/bc3.es\/wp-content\/uploads\/2024\/11\/Cocinas-BC3_003v3_INMA_low-scaled.jpg'><img loading=\"lazy\" decoding=\"async\" width=\"150\" height=\"150\" src=\"https:\/\/bc3.es\/wp-content\/uploads\/2024\/11\/Cocinas-BC3_003v3_INMA_low-150x150.jpg\" class=\"attachment-thumbnail size-thumbnail\" alt=\"\" \/><\/a>\n<a data-elementor-open-lightbox=\"yes\" data-elementor-lightbox-slideshow=\"a4023fa\" data-elementor-lightbox-title=\"Cocinas-BC3_005v2_INMA_low\" data-e-action-hash=\"#elementor-action%3Aaction%3Dlightbox%26settings%3DeyJpZCI6MTEzMDYsInVybCI6Imh0dHBzOlwvXC9iYzMuZXNcL3dwLWNvbnRlbnRcL3VwbG9hZHNcLzIwMjRcLzExXC9Db2NpbmFzLUJDM18wMDV2Ml9JTk1BX2xvdy1zY2FsZWQuanBnIiwic2xpZGVzaG93IjoiYTQwMjNmYSJ9\" href='https:\/\/bc3.es\/wp-content\/uploads\/2024\/11\/Cocinas-BC3_005v2_INMA_low-scaled.jpg'><img loading=\"lazy\" decoding=\"async\" width=\"150\" height=\"150\" src=\"https:\/\/bc3.es\/wp-content\/uploads\/2024\/11\/Cocinas-BC3_005v2_INMA_low-150x150.jpg\" class=\"attachment-thumbnail size-thumbnail\" alt=\"\" \/><\/a>\n<a data-elementor-open-lightbox=\"yes\" data-elementor-lightbox-slideshow=\"a4023fa\" data-elementor-lightbox-title=\"Cocinas-BC3_009v2_INMA_low\" data-e-action-hash=\"#elementor-action%3Aaction%3Dlightbox%26settings%3DeyJpZCI6MTEzMTAsInVybCI6Imh0dHBzOlwvXC9iYzMuZXNcL3dwLWNvbnRlbnRcL3VwbG9hZHNcLzIwMjRcLzExXC9Db2NpbmFzLUJDM18wMDl2Ml9JTk1BX2xvdy1zY2FsZWQuanBnIiwic2xpZGVzaG93IjoiYTQwMjNmYSJ9\" href='https:\/\/bc3.es\/wp-content\/uploads\/2024\/11\/Cocinas-BC3_009v2_INMA_low-scaled.jpg'><img loading=\"lazy\" decoding=\"async\" width=\"150\" height=\"150\" src=\"https:\/\/bc3.es\/wp-content\/uploads\/2024\/11\/Cocinas-BC3_009v2_INMA_low-150x150.jpg\" class=\"attachment-thumbnail size-thumbnail\" alt=\"\" \/><\/a>\n<a data-elementor-open-lightbox=\"yes\" data-elementor-lightbox-slideshow=\"a4023fa\" data-elementor-lightbox-title=\"Cocinas-BC3_014v5_INMA_low\" data-e-action-hash=\"#elementor-action%3Aaction%3Dlightbox%26settings%3DeyJpZCI6MTEzMTQsInVybCI6Imh0dHBzOlwvXC9iYzMuZXNcL3dwLWNvbnRlbnRcL3VwbG9hZHNcLzIwMjRcLzExXC9Db2NpbmFzLUJDM18wMTR2NV9JTk1BX2xvdy1zY2FsZWQuanBnIiwic2xpZGVzaG93IjoiYTQwMjNmYSJ9\" href='https:\/\/bc3.es\/wp-content\/uploads\/2024\/11\/Cocinas-BC3_014v5_INMA_low-scaled.jpg'><img loading=\"lazy\" decoding=\"async\" width=\"150\" height=\"150\" src=\"https:\/\/bc3.es\/wp-content\/uploads\/2024\/11\/Cocinas-BC3_014v5_INMA_low-150x150.jpg\" class=\"attachment-thumbnail size-thumbnail\" alt=\"\" \/><\/a>\n<a data-elementor-open-lightbox=\"yes\" data-elementor-lightbox-slideshow=\"a4023fa\" data-elementor-lightbox-title=\"9S7A9918ret2_INMA_low\" data-e-action-hash=\"#elementor-action%3Aaction%3Dlightbox%26settings%3DeyJpZCI6MTEzMTgsInVybCI6Imh0dHBzOlwvXC9iYzMuZXNcL3dwLWNvbnRlbnRcL3VwbG9hZHNcLzIwMjRcLzExXC85UzdBOTkxOHJldDJfSU5NQV9sb3ctc2NhbGVkLmpwZyIsInNsaWRlc2hvdyI6ImE0MDIzZmEifQ%3D%3D\" href='https:\/\/bc3.es\/wp-content\/uploads\/2024\/11\/9S7A9918ret2_INMA_low-scaled.jpg'><img loading=\"lazy\" decoding=\"async\" width=\"150\" height=\"150\" src=\"https:\/\/bc3.es\/wp-content\/uploads\/2024\/11\/9S7A9918ret2_INMA_low-150x150.jpg\" class=\"attachment-thumbnail size-thumbnail\" alt=\"\" \/><\/a>\n\t\t<\/div>\n\t\t\t\t\t\t<\/div>\n\t\t\t\t<\/div>\n\t\t\t\t<div class=\"elementor-element elementor-element-738d6ec elementor-widget elementor-widget-text-editor\" data-id=\"738d6ec\" data-element_type=\"widget\" data-settings=\"{&quot;ekit_we_effect_on&quot;:&quot;none&quot;}\" data-widget_type=\"text-editor.default\">\n\t\t\t\t<div class=\"elementor-widget-container\">\n\t\t\t\t\t\t\t\t\t<p><strong>Visitez Notre Showroom \u00e0 Madrid<\/strong><\/p>\n<p>Nous invitons tous les architectes, d\u00e9corateurs, designers d&rsquo;int\u00e9rieur et professionnels de l&rsquo;am\u00e9nagement \u00e0 venir d\u00e9couvrir en personne les derni\u00e8res propositions de BC3 Cocinas dans notre showroom de Madrid. Cet espace a \u00e9t\u00e9 con\u00e7u pour offrir une exp\u00e9rience immersive et pr\u00e9senter nos solutions les plus innovantes et polyvalentes. Notre \u00e9quipe sera ravie de fournir des conseils personnalis\u00e9s et de partager des informations sur nos derni\u00e8res collections et projets. Pour organiser une visite, contactez-nous par e-mail \u00e0 communication@bc3.es. Nous vous attendons pour vous faire d\u00e9couvrir la diff\u00e9rence que BC3 Cocinas peut apporter \u00e0 vos projets et comment nous pouvons vous aider \u00e0 r\u00e9aliser vos id\u00e9es.<\/p>\n\t\t\t\t\t\t\t\t<\/div>\n\t\t\t\t<\/div>\n\t\t\t\t\t<\/div>\n\t\t<\/div>\n\t\t\t\t\t<\/div>\n\t\t<\/section>\n\t\t\t\t<\/div>\n\t\t","protected":false},"excerpt":{"rendered":"<p>Chez BC3 Cocinas, nous sommes ravis de pr\u00e9senter l\u2019un de nos projets les plus r\u00e9cents, r\u00e9alis\u00e9 en partenariat avec Inmaculada Recio Studio. Ce projet a \u00e9t\u00e9 con\u00e7u pour inspirer les professionnels \u00e0 la recherche de solutions innovantes, \u00e9l\u00e9gantes et fonctionnelles dans la conception de cuisines. Une planification minutieuse et une s\u00e9lection rigoureuse de mat\u00e9riaux de haute qualit\u00e9 ont permis de cr\u00e9er un espace o\u00f9 l\u2019esth\u00e9tique et la fonctionnalit\u00e9 se rejoignent parfaitement. Comme l\u2019explique Inmaculada Recio : \u00ab Nous avons d\u00e9cid\u00e9 de travailler sur ce projet avec BC3 pour le design, l\u2019innovation et, avant tout, la qualit\u00e9. Ensemble, nous avons r\u00e9ussi \u00e0 cr\u00e9er cette magnifique cuisine, et nos clients sont tr\u00e8s satisfaits du r\u00e9sultat. \u00bb<\/p>\n","protected":false},"author":9,"featured_media":11281,"comment_status":"closed","ping_status":"closed","sticky":false,"template":"","format":"standard","meta":{"_monsterinsights_skip_tracking":false,"_monsterinsights_sitenote_active":false,"_monsterinsights_sitenote_note":"","_monsterinsights_sitenote_category":0,"footnotes":""},"categories":[31],"tags":[74,69,75],"class_list":["post-11277","post","type-post","status-publish","format-standard","has-post-thumbnail","hentry","category-non-classifiee","tag-cuisines","tag-cuisines-professionnelles","tag-durabilite"],"_links":{"self":[{"href":"https:\/\/bc3.es\/fr\/wp-json\/wp\/v2\/posts\/11277","targetHints":{"allow":["GET"]}}],"collection":[{"href":"https:\/\/bc3.es\/fr\/wp-json\/wp\/v2\/posts"}],"about":[{"href":"https:\/\/bc3.es\/fr\/wp-json\/wp\/v2\/types\/post"}],"author":[{"embeddable":true,"href":"https:\/\/bc3.es\/fr\/wp-json\/wp\/v2\/users\/9"}],"replies":[{"embeddable":true,"href":"https:\/\/bc3.es\/fr\/wp-json\/wp\/v2\/comments?post=11277"}],"version-history":[{"count":9,"href":"https:\/\/bc3.es\/fr\/wp-json\/wp\/v2\/posts\/11277\/revisions"}],"predecessor-version":[{"id":11692,"href":"https:\/\/bc3.es\/fr\/wp-json\/wp\/v2\/posts\/11277\/revisions\/11692"}],"wp:featuredmedia":[{"embeddable":true,"href":"https:\/\/bc3.es\/fr\/wp-json\/wp\/v2\/media\/11281"}],"wp:attachment":[{"href":"https:\/\/bc3.es\/fr\/wp-json\/wp\/v2\/media?parent=11277"}],"wp:term":[{"taxonomy":"category","embeddable":true,"href":"https:\/\/bc3.es\/fr\/wp-json\/wp\/v2\/categories?post=11277"},{"taxonomy":"post_tag","embeddable":true,"href":"https:\/\/bc3.es\/fr\/wp-json\/wp\/v2\/tags?post=11277"}],"curies":[{"name":"wp","href":"https:\/\/api.w.org\/{rel}","templated":true}]}}