{"id":7188,"date":"2022-11-02T08:52:03","date_gmt":"2022-11-02T08:52:03","guid":{"rendered":"https:\/\/bc3.es\/nouveau-catalogue-2022-2023-bc3-cocinas\/"},"modified":"2022-11-02T08:52:03","modified_gmt":"2022-11-02T08:52:03","slug":"nouveau-catalogue-2022-2023-bc3-cocinas","status":"publish","type":"post","link":"https:\/\/bc3.es\/fr\/nouveau-catalogue-2022-2023-bc3-cocinas\/","title":{"rendered":"Nouveau Catalogue 2022-2023 BC3 Cocinas"},"content":{"rendered":"\n<p><p align=\"justify\"><span style=\"font-size: medium;\"><span lang=\"fr-FR\">Nous lan\u00e7ons le <strong>nouveau catalogue de produits BC3 Cocinas 2022- 2023<\/strong>, qui rassemble toute notre collection de meubles, mat\u00e9riaux et accessoires disponibles pour que le particulier ou le professionnel puisse configurer une cuisine enti\u00e8rement personnalis\u00e9e et adapt\u00e9e \u00e0 ses besoins. Un nouveau manuel tr\u00e8s complet dans lequel nous offrons toutes les informations concernant les produits, les vues \u00e9clat\u00e9es des produits et la d\u00e9coration int\u00e9rieure, ainsi qu&rsquo;une s\u00e9lection d&rsquo;images comme source d&rsquo;inspiration pour concevoir votre projet \u00e0 partir de z\u00e9ro de mani\u00e8re simple et confortable.<\/span><\/span><\/p><\/p>\n\n<p><p align=\"justify\"><span style=\"font-size: medium;\"><span lang=\"fr-FR\">Le catalogue BC3 Cocinas a une <strong>conception technique<\/strong> qui en fait un <strong>outil de travail parfait, rapide et facile \u00e0 utiliser o\u00f9 l&rsquo;utilisateur<\/strong> peut trouver des informations tr\u00e8s d\u00e9taill\u00e9es : une <strong>large gamme de couleurs, de mod\u00e8les, de dimensions et le maximum de variantes<\/strong> possibles par \u00e9l\u00e9ment qui s&rsquo;adaptent \u00e0 tout projet. En outre, les meilleurs moyens et contr\u00f4les d&rsquo;impression ont \u00e9t\u00e9 utilis\u00e9s afin que les images soient aussi proches que possible de la r\u00e9alit\u00e9 et que la qualit\u00e9 et la finition des produits et des mat\u00e9riaux puissent \u00eatre per\u00e7ues, sans oublier que les supports et les pigments utilis\u00e9s dans le processus d&rsquo;impression sont diff\u00e9rents de ceux utilis\u00e9s dans nos usines.<\/span><\/span><\/p><\/p>\n\n<figure class=\"wp-block-image size-large\"><img fetchpriority=\"high\" decoding=\"async\" width=\"1024\" height=\"695\" src=\"https:\/\/bc3.es\/wp-content\/uploads\/2022\/10\/Captura-de-pantalla-2022-10-20-a-las-15.18.45-1024x695.png\" alt=\"\" class=\"wp-image-6725\" srcset=\"https:\/\/bc3.es\/wp-content\/uploads\/2022\/10\/Captura-de-pantalla-2022-10-20-a-las-15.18.45-1024x695.png 1024w, https:\/\/bc3.es\/wp-content\/uploads\/2022\/10\/Captura-de-pantalla-2022-10-20-a-las-15.18.45-300x204.png 300w, https:\/\/bc3.es\/wp-content\/uploads\/2022\/10\/Captura-de-pantalla-2022-10-20-a-las-15.18.45-768x521.png 768w, https:\/\/bc3.es\/wp-content\/uploads\/2022\/10\/Captura-de-pantalla-2022-10-20-a-las-15.18.45-1536x1043.png 1536w, https:\/\/bc3.es\/wp-content\/uploads\/2022\/10\/Captura-de-pantalla-2022-10-20-a-las-15.18.45-2048x1390.png 2048w\" sizes=\"(max-width: 1024px) 100vw, 1024px\" \/><figcaption><em>Im\u00e1gen: BC3 Cocinas en Casa Decor 2022<\/em><\/figcaption><\/figure>\n\n<p><p align=\"justify\"><a name=\"_GoBack\"><\/a> <span style=\"font-size: medium;\"><span lang=\"fr-FR\">Le catalogue est organis\u00e9 du plus simple au plus complexe et est divis\u00e9 en 3 grands blocs : des <strong>mod\u00e8les de caissons<\/strong>, o\u00f9 chacun des produits pouvant \u00eatre configur\u00e9s est d\u00e9taill\u00e9, ainsi qu&rsquo;une comparaison et une s\u00e9lection des accessoires (cintres, pieds, charni\u00e8res, protections, tiroirs, syst\u00e8mes relevants et am\u00e9nagement int\u00e9rieur) pouvant \u00eatre inclus dans chacun des blocs, de mani\u00e8re \u00e0 ce que toutes les options soient visibles en un coup d&rsquo;\u0153il ; les <strong>genres de mat\u00e9riaux<\/strong> o\u00f9 l&rsquo;on travaille avec plus de 7 r\u00e9f\u00e9rences qui incluent les stratifi\u00e9s, les porc\u00e9laniques ou le bois et enfin, la <strong>section des accessoires et de l&rsquo;am\u00e9nagement<\/strong> o\u00f9 le professionnel trouvera des \u00e9l\u00e9ments de base pour configurer les meubles de la cuisine comme les charni\u00e8res ou les poign\u00e9es, jusqu&rsquo;\u00e0 d&rsquo;autres qui aideront \u00e0 apporter un plus de design au projet comme les <strong>syst\u00e8mes d&rsquo;\u00e9clairage<\/strong>.<\/span><\/span><\/p><\/p>\n\n<p>Un manuel technique destin\u00e9 aux professionnels du secteur qui recherchent la vari\u00e9t\u00e9 et la qualit\u00e9 des mat\u00e9riaux pour pouvoir concevoir de A \u00e0 Z des projets personnalis\u00e9s r\u00e9pondant aux besoins de chaque utilisateur.<\/p>\n\n<p><p align=\"justify\"><span style=\"font-size: medium;\"><span lang=\"fr-FR\">Nous vous invitons \u00e0 le d\u00e9couvrir en <a href=\"https:\/\/bc3.es\/wp-content\/uploads\/2022\/10\/171024_BC3_CATALOGO_PRODUCTO_2022_2023_LR.PDF\" target=\"_blank\" rel=\"noopener\">cliquant ici<\/a>.<\/span><\/span><\/p><\/p>\n","protected":false},"excerpt":{"rendered":"<p>Nous lan\u00e7ons le nouveau catalogue de produits BC3 Cocinas 2022- 2023, qui rassemble toute notre collection de meubles, mat\u00e9riaux et accessoires disponibles pour que le particulier ou le professionnel puisse configurer une cuisine enti\u00e8rement personnalis\u00e9e et adapt\u00e9e \u00e0 ses besoins. Un nouveau manuel tr\u00e8s complet dans lequel nous offrons toutes les informations concernant les produits, [&hellip;]<\/p>\n","protected":false},"author":10,"featured_media":6730,"comment_status":"closed","ping_status":"closed","sticky":false,"template":"","format":"standard","meta":{"_monsterinsights_skip_tracking":false,"_monsterinsights_sitenote_active":false,"_monsterinsights_sitenote_note":"","_monsterinsights_sitenote_category":0,"footnotes":""},"categories":[1],"tags":[],"class_list":["post-7188","post","type-post","status-publish","format-standard","has-post-thumbnail","hentry","category-sin-categorizar"],"_links":{"self":[{"href":"https:\/\/bc3.es\/fr\/wp-json\/wp\/v2\/posts\/7188","targetHints":{"allow":["GET"]}}],"collection":[{"href":"https:\/\/bc3.es\/fr\/wp-json\/wp\/v2\/posts"}],"about":[{"href":"https:\/\/bc3.es\/fr\/wp-json\/wp\/v2\/types\/post"}],"author":[{"embeddable":true,"href":"https:\/\/bc3.es\/fr\/wp-json\/wp\/v2\/users\/10"}],"replies":[{"embeddable":true,"href":"https:\/\/bc3.es\/fr\/wp-json\/wp\/v2\/comments?post=7188"}],"version-history":[{"count":1,"href":"https:\/\/bc3.es\/fr\/wp-json\/wp\/v2\/posts\/7188\/revisions"}],"predecessor-version":[{"id":7189,"href":"https:\/\/bc3.es\/fr\/wp-json\/wp\/v2\/posts\/7188\/revisions\/7189"}],"wp:featuredmedia":[{"embeddable":true,"href":"https:\/\/bc3.es\/fr\/wp-json\/wp\/v2\/media\/6730"}],"wp:attachment":[{"href":"https:\/\/bc3.es\/fr\/wp-json\/wp\/v2\/media?parent=7188"}],"wp:term":[{"taxonomy":"category","embeddable":true,"href":"https:\/\/bc3.es\/fr\/wp-json\/wp\/v2\/categories?post=7188"},{"taxonomy":"post_tag","embeddable":true,"href":"https:\/\/bc3.es\/fr\/wp-json\/wp\/v2\/tags?post=7188"}],"curies":[{"name":"wp","href":"https:\/\/api.w.org\/{rel}","templated":true}]}}