{"id":8829,"date":"2023-07-14T09:50:34","date_gmt":"2023-07-14T09:50:34","guid":{"rendered":"https:\/\/bc3.es\/ouverture-dun-nouveau-showrrom-a-madrid\/"},"modified":"2023-07-14T09:58:55","modified_gmt":"2023-07-14T09:58:55","slug":"ouverture-dun-nouveau-showrrom-a-madrid","status":"publish","type":"post","link":"https:\/\/bc3.es\/fr\/ouverture-dun-nouveau-showrrom-a-madrid\/","title":{"rendered":"Ouverture d&rsquo;un nouveau Showrrom \u00e0 Madrid"},"content":{"rendered":"\n<p class=\"has-text-align-center\"><span style=\"color: #333333;\">Le 21 juin dernier, nous avons inaugur\u00e9 notre nouveau showroom dans la Milla de Oro de Madrid, en collaboration avec le studio de design d&rsquo;int\u00e9rieur Ele Room 62.<\/span>&#13;\n<div id=\"mttContainer\" class=\"bootstrapiso notranslate\" style=\"transform: translate(52px, 20px);\" title=\"\" data-original-title=\"\"><\/div><\/p>\n\n<figure class=\"wp-block-image size-large\"><img fetchpriority=\"high\" decoding=\"async\" width=\"1024\" height=\"683\" src=\"https:\/\/bc3.es\/wp-content\/uploads\/2023\/06\/BC3_Showroom_Imagenes_23-1024x683.jpg\" alt=\"\" class=\"wp-image-8669\" srcset=\"https:\/\/bc3.es\/wp-content\/uploads\/2023\/06\/BC3_Showroom_Imagenes_23-1024x683.jpg 1024w, https:\/\/bc3.es\/wp-content\/uploads\/2023\/06\/BC3_Showroom_Imagenes_23-300x200.jpg 300w, https:\/\/bc3.es\/wp-content\/uploads\/2023\/06\/BC3_Showroom_Imagenes_23-768x513.jpg 768w, https:\/\/bc3.es\/wp-content\/uploads\/2023\/06\/BC3_Showroom_Imagenes_23-1536x1025.jpg 1536w, https:\/\/bc3.es\/wp-content\/uploads\/2023\/06\/BC3_Showroom_Imagenes_23-2048x1367.jpg 2048w\" sizes=\"(max-width: 1024px) 100vw, 1024px\" \/><figcaption class=\"wp-element-caption\"><span style=\"color: #333333;\">De gauche \u00e0 droite, <strong>Jorge Couto<\/strong>, directeur g\u00e9n\u00e9ral de BC3 COCINAS, <strong>Alejandro V\u00e1zquez<\/strong>, responsable du showroom BC3 COCINAS, <strong>Antonio Rom\u00e1n<\/strong>, directeur commercial de BC3 COCINAS et <strong>Itsasne Miren<\/strong>, directeur marketing de BC3 COCINAS.<\/span>&#13;\n<div id=\"mttContainer\" class=\"bootstrapiso notranslate\" dir=\"ltr\" style=\"transform: translate(41px, 25px);\" title=\"\" data-original-title=\"Itasne Miren\"><\/div><\/figcaption><\/figure>\n\n<p>Dans la rue distingu\u00e9e de Madrid, Castell\u00f3 62, vous trouverez ce nouvel espace que nous avons cr\u00e9\u00e9 pour apporter tous nos nouveaux produits et innovations aux professionnels du design. L&rsquo;espace est un projet en collaboration avec le studio Ele Room 62, qui s&rsquo;est charg\u00e9 de toute la d\u00e9coration int\u00e9rieure et de l&rsquo;habillage de l&rsquo;espace, et notre \u00e9quipe de design BC3 COCINAS a r\u00e9alis\u00e9 la cr\u00e9ation, le d\u00e9veloppement et la pose des cuisines design.<\/p>\n\n<figure class=\"wp-block-image size-large\"><img decoding=\"async\" width=\"1024\" height=\"680\" src=\"https:\/\/bc3.es\/wp-content\/uploads\/2023\/06\/Captura-de-pantalla-2023-06-29-a-las-13.03.18-1024x680.png\" alt=\"\" class=\"wp-image-8673\" srcset=\"https:\/\/bc3.es\/wp-content\/uploads\/2023\/06\/Captura-de-pantalla-2023-06-29-a-las-13.03.18-1024x680.png 1024w, https:\/\/bc3.es\/wp-content\/uploads\/2023\/06\/Captura-de-pantalla-2023-06-29-a-las-13.03.18-300x199.png 300w, https:\/\/bc3.es\/wp-content\/uploads\/2023\/06\/Captura-de-pantalla-2023-06-29-a-las-13.03.18-768x510.png 768w, https:\/\/bc3.es\/wp-content\/uploads\/2023\/06\/Captura-de-pantalla-2023-06-29-a-las-13.03.18.png 1192w\" sizes=\"(max-width: 1024px) 100vw, 1024px\" \/><\/figure>\n\n<p>Dans notre nouvelle salle d&rsquo;exposition, vous pourrez admirer trois styles de cuisines totalement diff\u00e9rents, reflet de notre exp\u00e9rience et de notre savoir-faire en mati\u00e8re de mat\u00e9rialisation des designs et de r\u00e9ponse aux besoins, aux conforts et aux solutions exig\u00e9s par nos clients.<\/p>\n\n<p>Cette inauguration s&rsquo;est d\u00e9roul\u00e9e en pr\u00e9sence de grandes personnalit\u00e9s de l&rsquo;industrie de l&rsquo;am\u00e9nagement int\u00e9rieur et de la d\u00e9coration, telles que Ra\u00fal Martins et Erico Navazo.<\/p>\n\n<figure class=\"wp-block-image size-large is-resized\"><img decoding=\"async\" src=\"https:\/\/bc3.es\/wp-content\/uploads\/2023\/06\/Captura-de-pantalla-2023-06-29-a-las-13.04.07-1024x680.png\" alt=\"\" class=\"wp-image-8677\" width=\"840\" height=\"557\" srcset=\"https:\/\/bc3.es\/wp-content\/uploads\/2023\/06\/Captura-de-pantalla-2023-06-29-a-las-13.04.07-1024x680.png 1024w, https:\/\/bc3.es\/wp-content\/uploads\/2023\/06\/Captura-de-pantalla-2023-06-29-a-las-13.04.07-300x199.png 300w, https:\/\/bc3.es\/wp-content\/uploads\/2023\/06\/Captura-de-pantalla-2023-06-29-a-las-13.04.07-768x510.png 768w, https:\/\/bc3.es\/wp-content\/uploads\/2023\/06\/Captura-de-pantalla-2023-06-29-a-las-13.04.07.png 1192w\" sizes=\"(max-width: 840px) 100vw, 840px\" \/><\/figure>\n\n<figure class=\"wp-block-image size-large\"><img loading=\"lazy\" decoding=\"async\" width=\"1024\" height=\"680\" src=\"https:\/\/bc3.es\/wp-content\/uploads\/2023\/06\/Captura-de-pantalla-2023-06-29-a-las-13.04.33-1024x680.png\" alt=\"\" class=\"wp-image-8681\" srcset=\"https:\/\/bc3.es\/wp-content\/uploads\/2023\/06\/Captura-de-pantalla-2023-06-29-a-las-13.04.33-1024x680.png 1024w, https:\/\/bc3.es\/wp-content\/uploads\/2023\/06\/Captura-de-pantalla-2023-06-29-a-las-13.04.33-300x199.png 300w, https:\/\/bc3.es\/wp-content\/uploads\/2023\/06\/Captura-de-pantalla-2023-06-29-a-las-13.04.33-768x510.png 768w, https:\/\/bc3.es\/wp-content\/uploads\/2023\/06\/Captura-de-pantalla-2023-06-29-a-las-13.04.33.png 1192w\" sizes=\"(max-width: 1024px) 100vw, 1024px\" \/><\/figure>\n\n<h2 class=\"wp-block-heading\"><span style=\"color: #333333;\"><b>Cuisine Eucalipto<\/b><\/span>&#13;\n<div id=\"mttContainer\" class=\"bootstrapiso notranslate\" style=\"transform: translate(69px, 63px);\" title=\"\" data-original-title=\"\"><\/div><\/h2>\n\n<figure class=\"wp-block-image size-large\"><img loading=\"lazy\" decoding=\"async\" width=\"1024\" height=\"680\" src=\"https:\/\/bc3.es\/wp-content\/uploads\/2023\/06\/Captura-de-pantalla-2023-06-29-a-las-13.05.20-1024x680.png\" alt=\"\" class=\"wp-image-8685\" srcset=\"https:\/\/bc3.es\/wp-content\/uploads\/2023\/06\/Captura-de-pantalla-2023-06-29-a-las-13.05.20-1024x680.png 1024w, https:\/\/bc3.es\/wp-content\/uploads\/2023\/06\/Captura-de-pantalla-2023-06-29-a-las-13.05.20-300x199.png 300w, https:\/\/bc3.es\/wp-content\/uploads\/2023\/06\/Captura-de-pantalla-2023-06-29-a-las-13.05.20-768x510.png 768w, https:\/\/bc3.es\/wp-content\/uploads\/2023\/06\/Captura-de-pantalla-2023-06-29-a-las-13.05.20.png 1192w\" sizes=\"(max-width: 1024px) 100vw, 1024px\" \/><\/figure>\n\n<p><span style=\"color: #333333;\">Au d\u00e9but de l&rsquo;exposition, on trouve la <strong>Cuisine Eucalipto<\/strong>, compos\u00e9e de bois d&rsquo;eucalyptus, de porcelaine et de portes laqu\u00e9es. Deux mod\u00e8les de portes constituent une nouveaut\u00e9 : <strong>le mod\u00e8le de porte EUCALIPTO<\/strong> en bois d&rsquo;eucalyptus verni de 22 mm et la <strong>porte laqu\u00e9e TRENTO<\/strong> en couleur porcelana avec une finition Xolid extra mate.<\/span>&#13;\n<div id=\"mttContainer\" class=\"bootstrapiso notranslate\" dir=\"ltr\" style=\"transform: translate(526px, 37px);\" title=\"\" data-original-title=\"puerta lacada TRENTO\"><\/div><\/p>\n\n<p>Dans ce projet, nous pr\u00e9sentons une composition \u00ab\u00a0double hauteur\u00a0\u00bb o\u00f9 une s\u00e9rie d&rsquo;\u00e9l\u00e9ments prolongent leur hauteur standard jusqu&rsquo;\u00e0 une hauteur de 2,80, ce qui permet d&rsquo;obtenir des rangements suppl\u00e9mentaires avec des \u00e9l\u00e9ments de deux profondeurs diff\u00e9rentes.<\/p>\n\n<p>En ce qui concerne les syst\u00e8mes d&rsquo;ouverture, nous pr\u00e9sentons une combinaison de poign\u00e9es superpos\u00e9es avec le syst\u00e8me Push et le syst\u00e8me gola canalis\u00e9 dans le caisson du meuble. Tous les \u00e9lectrom\u00e9nagers sont int\u00e9gr\u00e9s pour cr\u00e9er une sensation plus harmonieuse et \u00e9quilibr\u00e9e.<\/p>\n\n<p>Un design qui inspire la sobri\u00e9t\u00e9 et la chaleur tout en nous enveloppant dans une atmosph\u00e8re accueillante et moderne.<\/p>\n\n<h2 class=\"wp-block-heading\"><span style=\"color: #333333;\"><b>Cuisine Varese<\/b><\/span>&#13;\n<div id=\"mttContainer\" class=\"bootstrapiso notranslate\" style=\"transform: translate(39px, 5px);\" title=\"\" data-original-title=\"\"><\/div><\/h2>\n\n<figure class=\"wp-block-image size-large\"><img loading=\"lazy\" decoding=\"async\" width=\"1024\" height=\"680\" src=\"https:\/\/bc3.es\/wp-content\/uploads\/2023\/06\/Captura-de-pantalla-2023-06-29-a-las-13.06.15-1024x680.png\" alt=\"\" class=\"wp-image-8689\" srcset=\"https:\/\/bc3.es\/wp-content\/uploads\/2023\/06\/Captura-de-pantalla-2023-06-29-a-las-13.06.15-1024x680.png 1024w, https:\/\/bc3.es\/wp-content\/uploads\/2023\/06\/Captura-de-pantalla-2023-06-29-a-las-13.06.15-300x199.png 300w, https:\/\/bc3.es\/wp-content\/uploads\/2023\/06\/Captura-de-pantalla-2023-06-29-a-las-13.06.15-768x510.png 768w, https:\/\/bc3.es\/wp-content\/uploads\/2023\/06\/Captura-de-pantalla-2023-06-29-a-las-13.06.15.png 1192w\" sizes=\"(max-width: 1024px) 100vw, 1024px\" \/><\/figure>\n\n<p><span style=\"color: #333333;\">Vient ensuite la <strong>cuisine Varese<\/strong>, un concept de \u00ab\u00a0cuisine cach\u00e9e\u00a0\u00bb qui se distingue par le fait que les \u00e9l\u00e9ments fonctionnels ne sont pas visibles : les appareils \u00e9lectriques et la zone de l&rsquo;\u00e9vier.<\/span>&#13;\n<div id=\"mttContainer\" class=\"bootstrapiso notranslate\" dir=\"ltr\" style=\"transform: translate(230px, 110px);\" title=\"\" data-original-title=\"cocina varese\"><\/div><\/p>\n\n<p><span style=\"color: #333333;\">Cette conception est constitu\u00e9e d&rsquo;une combinaison de bois et de laque, suivant la tendance actuelle du march\u00e9 qui consiste \u00e0 coordonner les mat\u00e9riaux au sein d&rsquo;une m\u00eame conception de cuisine. Plus pr\u00e9cis\u00e9ment, trois mod\u00e8les de portes sont combin\u00e9s : le mod\u00e8le de <strong>porte en ch\u00eane stri\u00e9 VARESE en couleur naturelle<\/strong>, le mod\u00e8le de <strong>porte laqu\u00e9e ONDAS 1<\/strong> en couleur Stone et en finition Xolid et la<strong> porte laqu\u00e9e MADRID lisse<\/strong> en couleur Stone et en finition Xolid.<\/span>&#13;\n<div id=\"mttContainer\" class=\"bootstrapiso notranslate\" dir=\"ltr\" style=\"transform: translate(254px, 74px);\" title=\"\" data-original-title=\"puerta lisa MADRID lacada\"><\/div><\/p>\n\n<p><span style=\"color: #333333;\">Ce concept de \u00ab\u00a0cuisine cach\u00e9e\u00a0\u00bb est obtenu gr\u00e2ce \u00e0 de grandes portes qui peuvent \u00eatre repli\u00e9es et dissimul\u00e9es au moyen du <strong>syst\u00e8me escamotable EXEDRA 2 STAR<\/strong>. En outre, elles sont dot\u00e9es du syst\u00e8me d&rsquo;ouverture Push, de fermeture synchronis\u00e9e et de frein, qui permet un glissement en douceur et en toute s\u00e9curit\u00e9.<\/span>&#13;\n<div id=\"mttContainer\" class=\"bootstrapiso notranslate\" dir=\"ltr\" style=\"transform: translate(103px, 92px);\" title=\"\" data-original-title=\"sistema retr&#xE1;ctil EXEDRA 2 STAR\"><\/div><\/p>\n\n<p>Un autre point fort est l&rsquo;\u00e9l\u00e9ment central de l&rsquo;\u00eelot, con\u00e7u avec la porte VARESE avec le syst\u00e8me d&rsquo;ouverture gola, dans la finition OR GRATTA, situ\u00e9 uniquement sur le bord sup\u00e9rieur. Le plan de travail LUCID de la s\u00e9rie ONIRIKA de Dekton apporte lumi\u00e8re et \u00e9l\u00e9gance \u00e0 l&rsquo;ensemble.<\/p>\n\n<p>L&rsquo;\u00eelot se caract\u00e9rise \u00e9galement par ses angles moul\u00e9s en ch\u00eane massif qui stylisent et adoucissent son volume.<\/p>\n\n<p>Le design est compl\u00e9t\u00e9 par un grand espace de rangement et un meuble petit-d\u00e9jeuner avec un syst\u00e8me d&rsquo;ouverture escamotable. Ainsi, les \u00e9lectrom\u00e9nagers sont compl\u00e8tement dissimul\u00e9s gr\u00e2ce \u00e0 ce syst\u00e8me de fermeture de porte.<\/p>\n\n<p>Les meubles vitrines de cette cuisine accompagnent le design avec leur int\u00e9rieur en ch\u00eane r\u00e2p\u00e9 pour suivre l&rsquo;esth\u00e9tique g\u00e9n\u00e9rale, cr\u00e9ant une atmosph\u00e8re \u00e9l\u00e9gante et sophistiqu\u00e9e.<\/p>\n\n<h2 class=\"wp-block-heading\"><span style=\"color: #333333;\"><b>Cuisine Chicago<\/b><\/span>&#13;\n<div id=\"mttContainer\" class=\"bootstrapiso notranslate\" style=\"transform: translate(35px, 39px);\" title=\"\" data-original-title=\"\"><\/div><\/h2>\n\n<p><span style=\"color: #333333;\">Enfin, nous trouvons la cuisine Chicago, de style classique et moderne, qui se compose de la porte du m\u00eame nom, un <strong>mod\u00e8le encadr\u00e9 avec une poign\u00e9e int\u00e9gr\u00e9e<\/strong> en bois de fresno olivato.<\/span>&#13;\n<div id=\"mttContainer\" class=\"bootstrapiso notranslate\" dir=\"ltr\" style=\"transform: translate(199px, 119px);\" title=\"\" data-original-title=\"modelo enmarcado con tirador integrado\"><\/div><\/p>\n\n<figure class=\"wp-block-image size-large\"><img loading=\"lazy\" decoding=\"async\" width=\"1024\" height=\"678\" src=\"https:\/\/bc3.es\/wp-content\/uploads\/2023\/06\/Captura-de-pantalla-2023-06-29-a-las-13.08.20-1024x678.png\" alt=\"\" class=\"wp-image-8693\" srcset=\"https:\/\/bc3.es\/wp-content\/uploads\/2023\/06\/Captura-de-pantalla-2023-06-29-a-las-13.08.20-1024x678.png 1024w, https:\/\/bc3.es\/wp-content\/uploads\/2023\/06\/Captura-de-pantalla-2023-06-29-a-las-13.08.20-300x199.png 300w, https:\/\/bc3.es\/wp-content\/uploads\/2023\/06\/Captura-de-pantalla-2023-06-29-a-las-13.08.20-768x508.png 768w, https:\/\/bc3.es\/wp-content\/uploads\/2023\/06\/Captura-de-pantalla-2023-06-29-a-las-13.08.20.png 1154w\" sizes=\"(max-width: 1024px) 100vw, 1024px\" \/><\/figure>\n\n<p>Sa distribution en \u00ab\u00a0L\u00a0\u00bb est compos\u00e9e par des meubles colonnes de grande hauteur pour le rangement<\/p>\n\n<p>Sur le c\u00f4t\u00e9 droit, une large gamme d&rsquo;appareils \u00e9lectrom\u00e9nagers tels qu&rsquo;une cave \u00e0 vin, un four, un micro-ondes, un chauffe-plat et un r\u00e9frig\u00e9rateur int\u00e9gr\u00e9 sont inclus dans un agencement lin\u00e9aire. Le c\u00f4t\u00e9 gauche est compos\u00e9 d&rsquo;\u00e9l\u00e9ments de rangement avec un am\u00e9nagement int\u00e9rieur design et des vitrines int\u00e9gr\u00e9es avec un \u00e9clairage LED vertical qui ajoutent une touche sophistiqu\u00e9e et \u00e9quilibr\u00e9e \u00e0 la cuisine.<\/p>\n\n<p><span style=\"color: #333333;\">Cette cuisine est \u00e9galement compos\u00e9e d&rsquo;un <strong>grand \u00eelot<\/strong> enti\u00e8rement fonctionnel cr\u00e9\u00e9 avec le mod\u00e8le de porte CHICAGO en bois laqu\u00e9 et le <strong>syst\u00e8me d&rsquo;induction invisible<\/strong> de la Cooking Surface.<\/span>&#13;\n<div id=\"mttContainer\" class=\"bootstrapiso notranslate\" dir=\"ltr\" style=\"transform: translate(194px, 97px);\" title=\"\" data-original-title=\"sistema de inducci&#xF3;n invisible\"><\/div><\/p>\n\n<p>Depuis son lancement en 2018, Cooking Surface est le premier et le seul plan de travail \u00e0 induction enti\u00e8rement invisible : pas de boutons, de joints ou de renfoncements dans la pierre. Elle offre toutes les possibilit\u00e9s de conception de l&rsquo;am\u00e9nagement de la cuisine et un maximum de cr\u00e9ativit\u00e9 au chef lorsqu&rsquo;il travaille. Elle permet de cr\u00e9er et de profiter d&rsquo;un espace libre, non poreux et tr\u00e8s r\u00e9sistant, en somme, une v\u00e9ritable et n\u00e9cessaire r\u00e9volution pour la cuisine.<\/p>\n\n<p>Cooking Surface est la marque italo-espagnole leader dans le domaine de l&rsquo;induction invisible pour les plans de travail de cuisine et appartient \u00e0 ABK GROUP, le seul fabricant qui cr\u00e9e \u00e0 la fois de l&rsquo;induction et de la porcelaine en offrant toutes les garanties du produit.<\/p>\n\n<p>Au plafond est suspendue la hotte iCustom de Frecan, qui s&rsquo;harmonise avec les tons noirs et ajoute un accent industriel au design g\u00e9n\u00e9ral de la cuisine.<\/p>\n\n<p>\u00c0 c\u00f4t\u00e9 de ce dernier espace, il y a \u00e9galement une salle de r\u00e9union avec tous les \u00e9quipements et mat\u00e9riels n\u00e9cessaires (nuanciers, catalogues, tarifs, etc.) pour accueillir les professionnels de la conception et commencer \u00e0 travailler sur de nouvelles solutions pour les projets de design de cuisine.<\/p>\n\n<figure class=\"wp-block-image size-large\"><img loading=\"lazy\" decoding=\"async\" width=\"686\" height=\"1024\" src=\"https:\/\/bc3.es\/wp-content\/uploads\/2023\/06\/Captura-de-pantalla-2023-06-29-a-las-13.11.26-686x1024.png\" alt=\"\" class=\"wp-image-8701\" srcset=\"https:\/\/bc3.es\/wp-content\/uploads\/2023\/06\/Captura-de-pantalla-2023-06-29-a-las-13.11.26-686x1024.png 686w, https:\/\/bc3.es\/wp-content\/uploads\/2023\/06\/Captura-de-pantalla-2023-06-29-a-las-13.11.26-201x300.png 201w, https:\/\/bc3.es\/wp-content\/uploads\/2023\/06\/Captura-de-pantalla-2023-06-29-a-las-13.11.26.png 744w\" sizes=\"(max-width: 686px) 100vw, 686px\" \/><\/figure>\n\n<figure class=\"wp-block-gallery has-nested-images columns-default is-cropped wp-block-gallery-1 is-layout-flex wp-block-gallery-is-layout-flex\">\n<figure class=\"wp-block-image\"><img decoding=\"async\" src=\"https:\/\/bc3.es\/wp-content\/uploads\/2023\/06\/BC3_Showroom_Imagenes_20.jpg\" alt=\"La imagen tiene un atributo ALT vac&#xED;o; su nombre de archivo es BC3_Showroom_Imagenes_20.jpg\"\/><\/figure>\n\n\n\n<figure class=\"wp-block-image size-large\"><img loading=\"lazy\" decoding=\"async\" width=\"1024\" height=\"683\" data-id=\"8729\" src=\"https:\/\/bc3.es\/wp-content\/uploads\/2023\/06\/BC3_Showroom_Imagenes_41.jpg\" alt=\"\" class=\"wp-image-8729\" srcset=\"https:\/\/bc3.es\/wp-content\/uploads\/2023\/06\/BC3_Showroom_Imagenes_41.jpg 1024w, https:\/\/bc3.es\/wp-content\/uploads\/2023\/06\/BC3_Showroom_Imagenes_41-300x200.jpg 300w, https:\/\/bc3.es\/wp-content\/uploads\/2023\/06\/BC3_Showroom_Imagenes_41-768x512.jpg 768w\" sizes=\"(max-width: 1024px) 100vw, 1024px\" \/><\/figure>\n\n\n\n<figure class=\"wp-block-image size-large\"><img loading=\"lazy\" decoding=\"async\" width=\"1024\" height=\"683\" data-id=\"8728\" src=\"https:\/\/bc3.es\/wp-content\/uploads\/2023\/06\/BC3_Showroom_Imagenes_24.jpg\" alt=\"\" class=\"wp-image-8728\" srcset=\"https:\/\/bc3.es\/wp-content\/uploads\/2023\/06\/BC3_Showroom_Imagenes_24.jpg 1024w, https:\/\/bc3.es\/wp-content\/uploads\/2023\/06\/BC3_Showroom_Imagenes_24-300x200.jpg 300w, https:\/\/bc3.es\/wp-content\/uploads\/2023\/06\/BC3_Showroom_Imagenes_24-768x512.jpg 768w\" sizes=\"(max-width: 1024px) 100vw, 1024px\" \/><\/figure>\n\n\n\n<figure class=\"wp-block-image size-large\"><img loading=\"lazy\" decoding=\"async\" width=\"1024\" height=\"683\" data-id=\"8737\" src=\"https:\/\/bc3.es\/wp-content\/uploads\/2023\/06\/BC3_Showroom_Imagenes_28.jpg\" alt=\"\" class=\"wp-image-8737\" srcset=\"https:\/\/bc3.es\/wp-content\/uploads\/2023\/06\/BC3_Showroom_Imagenes_28.jpg 1024w, https:\/\/bc3.es\/wp-content\/uploads\/2023\/06\/BC3_Showroom_Imagenes_28-300x200.jpg 300w, https:\/\/bc3.es\/wp-content\/uploads\/2023\/06\/BC3_Showroom_Imagenes_28-768x512.jpg 768w\" sizes=\"(max-width: 1024px) 100vw, 1024px\" \/><\/figure>\n\n\n\n<figure class=\"wp-block-image size-large\"><img loading=\"lazy\" decoding=\"async\" width=\"1024\" height=\"683\" data-id=\"8776\" src=\"https:\/\/bc3.es\/wp-content\/uploads\/2023\/06\/BC3_Showroom_Imagenes_08.jpg\" alt=\"\" class=\"wp-image-8776\" srcset=\"https:\/\/bc3.es\/wp-content\/uploads\/2023\/06\/BC3_Showroom_Imagenes_08.jpg 1024w, https:\/\/bc3.es\/wp-content\/uploads\/2023\/06\/BC3_Showroom_Imagenes_08-300x200.jpg 300w, https:\/\/bc3.es\/wp-content\/uploads\/2023\/06\/BC3_Showroom_Imagenes_08-768x512.jpg 768w\" sizes=\"(max-width: 1024px) 100vw, 1024px\" \/><\/figure>\n\n\n\n<figure class=\"wp-block-image size-large\"><img loading=\"lazy\" decoding=\"async\" width=\"1024\" height=\"683\" data-id=\"8784\" src=\"https:\/\/bc3.es\/wp-content\/uploads\/2023\/06\/BC3_Showroom_Imagenes_18.jpg\" alt=\"\" class=\"wp-image-8784\" srcset=\"https:\/\/bc3.es\/wp-content\/uploads\/2023\/06\/BC3_Showroom_Imagenes_18.jpg 1024w, https:\/\/bc3.es\/wp-content\/uploads\/2023\/06\/BC3_Showroom_Imagenes_18-300x200.jpg 300w, https:\/\/bc3.es\/wp-content\/uploads\/2023\/06\/BC3_Showroom_Imagenes_18-768x512.jpg 768w\" sizes=\"(max-width: 1024px) 100vw, 1024px\" \/><\/figure>\n\n\n\n<figure class=\"wp-block-image size-large\"><img loading=\"lazy\" decoding=\"async\" width=\"1024\" height=\"683\" data-id=\"8771\" src=\"https:\/\/bc3.es\/wp-content\/uploads\/2023\/06\/BC3_Showroom_Imagenes_21.jpg\" alt=\"\" class=\"wp-image-8771\" srcset=\"https:\/\/bc3.es\/wp-content\/uploads\/2023\/06\/BC3_Showroom_Imagenes_21.jpg 1024w, https:\/\/bc3.es\/wp-content\/uploads\/2023\/06\/BC3_Showroom_Imagenes_21-300x200.jpg 300w, https:\/\/bc3.es\/wp-content\/uploads\/2023\/06\/BC3_Showroom_Imagenes_21-768x512.jpg 768w\" sizes=\"(max-width: 1024px) 100vw, 1024px\" \/><\/figure>\n\n\n\n<figure class=\"wp-block-image size-large\"><img loading=\"lazy\" decoding=\"async\" width=\"1024\" height=\"683\" data-id=\"8767\" src=\"https:\/\/bc3.es\/wp-content\/uploads\/2023\/06\/BC3_Showroom_Imagenes_32.jpg\" alt=\"\" class=\"wp-image-8767\" srcset=\"https:\/\/bc3.es\/wp-content\/uploads\/2023\/06\/BC3_Showroom_Imagenes_32.jpg 1024w, https:\/\/bc3.es\/wp-content\/uploads\/2023\/06\/BC3_Showroom_Imagenes_32-300x200.jpg 300w, https:\/\/bc3.es\/wp-content\/uploads\/2023\/06\/BC3_Showroom_Imagenes_32-768x512.jpg 768w\" sizes=\"(max-width: 1024px) 100vw, 1024px\" \/><\/figure>\n\n\n\n<figure class=\"wp-block-image size-large\"><img loading=\"lazy\" decoding=\"async\" width=\"1024\" height=\"683\" data-id=\"8792\" src=\"https:\/\/bc3.es\/wp-content\/uploads\/2023\/06\/BC3_Showroom_Imagenes_35.jpg\" alt=\"\" class=\"wp-image-8792\" srcset=\"https:\/\/bc3.es\/wp-content\/uploads\/2023\/06\/BC3_Showroom_Imagenes_35.jpg 1024w, https:\/\/bc3.es\/wp-content\/uploads\/2023\/06\/BC3_Showroom_Imagenes_35-300x200.jpg 300w, https:\/\/bc3.es\/wp-content\/uploads\/2023\/06\/BC3_Showroom_Imagenes_35-768x512.jpg 768w\" sizes=\"(max-width: 1024px) 100vw, 1024px\" \/><\/figure>\n\n\n\n<figure class=\"wp-block-image size-large\"><img loading=\"lazy\" decoding=\"async\" width=\"1024\" height=\"683\" data-id=\"8788\" src=\"https:\/\/bc3.es\/wp-content\/uploads\/2023\/06\/BC3_Showroom_Imagenes_31.jpg\" alt=\"\" class=\"wp-image-8788\" srcset=\"https:\/\/bc3.es\/wp-content\/uploads\/2023\/06\/BC3_Showroom_Imagenes_31.jpg 1024w, https:\/\/bc3.es\/wp-content\/uploads\/2023\/06\/BC3_Showroom_Imagenes_31-300x200.jpg 300w, https:\/\/bc3.es\/wp-content\/uploads\/2023\/06\/BC3_Showroom_Imagenes_31-768x512.jpg 768w\" sizes=\"(max-width: 1024px) 100vw, 1024px\" \/><\/figure>\n\n\n\n<figure class=\"wp-block-image size-large\"><img loading=\"lazy\" decoding=\"async\" width=\"1024\" height=\"683\" data-id=\"8780\" src=\"https:\/\/bc3.es\/wp-content\/uploads\/2023\/06\/BC3_Showroom_Imagenes_1.jpg\" alt=\"\" class=\"wp-image-8780\" srcset=\"https:\/\/bc3.es\/wp-content\/uploads\/2023\/06\/BC3_Showroom_Imagenes_1.jpg 1024w, https:\/\/bc3.es\/wp-content\/uploads\/2023\/06\/BC3_Showroom_Imagenes_1-300x200.jpg 300w, https:\/\/bc3.es\/wp-content\/uploads\/2023\/06\/BC3_Showroom_Imagenes_1-768x512.jpg 768w\" sizes=\"(max-width: 1024px) 100vw, 1024px\" \/><\/figure>\n\n\n\n<figure class=\"wp-block-image size-large\"><img loading=\"lazy\" decoding=\"async\" width=\"1024\" height=\"683\" data-id=\"8763\" src=\"https:\/\/bc3.es\/wp-content\/uploads\/2023\/06\/BC3_Showroom_Imagenes_44.jpg\" alt=\"\" class=\"wp-image-8763\" srcset=\"https:\/\/bc3.es\/wp-content\/uploads\/2023\/06\/BC3_Showroom_Imagenes_44.jpg 1024w, https:\/\/bc3.es\/wp-content\/uploads\/2023\/06\/BC3_Showroom_Imagenes_44-300x200.jpg 300w, https:\/\/bc3.es\/wp-content\/uploads\/2023\/06\/BC3_Showroom_Imagenes_44-768x512.jpg 768w\" sizes=\"(max-width: 1024px) 100vw, 1024px\" \/><\/figure>\n\n\n\n<figure class=\"wp-block-image size-large\"><img loading=\"lazy\" decoding=\"async\" width=\"1024\" height=\"683\" data-id=\"8742\" src=\"https:\/\/bc3.es\/wp-content\/uploads\/2023\/06\/BC3_Showroom_Imagenes_43.jpg\" alt=\"\" class=\"wp-image-8742\" srcset=\"https:\/\/bc3.es\/wp-content\/uploads\/2023\/06\/BC3_Showroom_Imagenes_43.jpg 1024w, https:\/\/bc3.es\/wp-content\/uploads\/2023\/06\/BC3_Showroom_Imagenes_43-300x200.jpg 300w, https:\/\/bc3.es\/wp-content\/uploads\/2023\/06\/BC3_Showroom_Imagenes_43-768x512.jpg 768w\" sizes=\"(max-width: 1024px) 100vw, 1024px\" \/><\/figure>\n\n\n\n<figure class=\"wp-block-image size-large\"><img loading=\"lazy\" decoding=\"async\" width=\"1024\" height=\"683\" data-id=\"8746\" src=\"https:\/\/bc3.es\/wp-content\/uploads\/2023\/06\/BC3_Showroom_Imagenes_45.jpg\" alt=\"\" class=\"wp-image-8746\" srcset=\"https:\/\/bc3.es\/wp-content\/uploads\/2023\/06\/BC3_Showroom_Imagenes_45.jpg 1024w, https:\/\/bc3.es\/wp-content\/uploads\/2023\/06\/BC3_Showroom_Imagenes_45-300x200.jpg 300w, https:\/\/bc3.es\/wp-content\/uploads\/2023\/06\/BC3_Showroom_Imagenes_45-768x512.jpg 768w\" sizes=\"(max-width: 1024px) 100vw, 1024px\" \/><\/figure>\n<\/figure>\n","protected":false},"excerpt":{"rendered":"<p>Le 21 juin dernier, nous avons inaugur\u00e9 notre nouveau showroom dans la Milla de Oro de Madrid, en collaboration avec le studio de design d&rsquo;int\u00e9rieur Ele Room 62.&#13; Dans la rue distingu\u00e9e de Madrid, Castell\u00f3 62, vous trouverez ce nouvel espace que nous avons cr\u00e9\u00e9 pour apporter tous nos nouveaux produits et innovations aux professionnels [&hellip;]<\/p>\n","protected":false},"author":10,"featured_media":8755,"comment_status":"closed","ping_status":"closed","sticky":false,"template":"","format":"standard","meta":{"_monsterinsights_skip_tracking":false,"_monsterinsights_sitenote_active":false,"_monsterinsights_sitenote_note":"","_monsterinsights_sitenote_category":0,"footnotes":""},"categories":[1],"tags":[],"class_list":["post-8829","post","type-post","status-publish","format-standard","has-post-thumbnail","hentry","category-sin-categorizar"],"_links":{"self":[{"href":"https:\/\/bc3.es\/fr\/wp-json\/wp\/v2\/posts\/8829","targetHints":{"allow":["GET"]}}],"collection":[{"href":"https:\/\/bc3.es\/fr\/wp-json\/wp\/v2\/posts"}],"about":[{"href":"https:\/\/bc3.es\/fr\/wp-json\/wp\/v2\/types\/post"}],"author":[{"embeddable":true,"href":"https:\/\/bc3.es\/fr\/wp-json\/wp\/v2\/users\/10"}],"replies":[{"embeddable":true,"href":"https:\/\/bc3.es\/fr\/wp-json\/wp\/v2\/comments?post=8829"}],"version-history":[{"count":1,"href":"https:\/\/bc3.es\/fr\/wp-json\/wp\/v2\/posts\/8829\/revisions"}],"predecessor-version":[{"id":8830,"href":"https:\/\/bc3.es\/fr\/wp-json\/wp\/v2\/posts\/8829\/revisions\/8830"}],"wp:featuredmedia":[{"embeddable":true,"href":"https:\/\/bc3.es\/fr\/wp-json\/wp\/v2\/media\/8755"}],"wp:attachment":[{"href":"https:\/\/bc3.es\/fr\/wp-json\/wp\/v2\/media?parent=8829"}],"wp:term":[{"taxonomy":"category","embeddable":true,"href":"https:\/\/bc3.es\/fr\/wp-json\/wp\/v2\/categories?post=8829"},{"taxonomy":"post_tag","embeddable":true,"href":"https:\/\/bc3.es\/fr\/wp-json\/wp\/v2\/tags?post=8829"}],"curies":[{"name":"wp","href":"https:\/\/api.w.org\/{rel}","templated":true}]}}