{"id":8915,"date":"2023-07-31T09:22:16","date_gmt":"2023-07-31T09:22:16","guid":{"rendered":"https:\/\/bc3.es\/elegance-intemporelle-3-raisons-de-choisir-des-cuisines-blanches\/"},"modified":"2023-07-31T09:22:18","modified_gmt":"2023-07-31T09:22:18","slug":"elegance-intemporelle-3-raisons-de-choisir-des-cuisines-blanches","status":"publish","type":"post","link":"https:\/\/bc3.es\/fr\/elegance-intemporelle-3-raisons-de-choisir-des-cuisines-blanches\/","title":{"rendered":"\u00c9l\u00e9gance intemporelle : 3 raisons de choisir des cuisines blanches"},"content":{"rendered":"\n<p><p class=\"p1\">Un choix intemporel et sophistiqu\u00e9 qui continuera \u00e0 occuper le devant de la sc\u00e8ne dans la conception des cuisines.<\/p>&#13;\n&#13;\n<div id=\"mttContainer\" class=\"bootstrapiso notranslate\" style=\"transform: translate(65px, 120px);\" title=\"\" data-original-title=\"\"><\/div><\/p>\n\n<figure class=\"wp-block-image size-large\"><img fetchpriority=\"high\" decoding=\"async\" width=\"1024\" height=\"685\" src=\"https:\/\/bc3.es\/wp-content\/uploads\/2023\/07\/Captura-de-pantalla-2023-07-25-a-las-9.33.31-1024x685.png\" alt=\"\" class=\"wp-image-8897\" srcset=\"https:\/\/bc3.es\/wp-content\/uploads\/2023\/07\/Captura-de-pantalla-2023-07-25-a-las-9.33.31-1024x685.png 1024w, https:\/\/bc3.es\/wp-content\/uploads\/2023\/07\/Captura-de-pantalla-2023-07-25-a-las-9.33.31-300x201.png 300w, https:\/\/bc3.es\/wp-content\/uploads\/2023\/07\/Captura-de-pantalla-2023-07-25-a-las-9.33.31-768x514.png 768w, https:\/\/bc3.es\/wp-content\/uploads\/2023\/07\/Captura-de-pantalla-2023-07-25-a-las-9.33.31.png 1154w\" sizes=\"(max-width: 1024px) 100vw, 1024px\" \/><\/figure>\n\n<p><p class=\"p1\">La couleur blanche pour la conception des cuisines continue d&rsquo;\u00eatre l&rsquo;une des finitions les plus populaires dans la conception des cuisines, car elle offre une <strong>grande polyvalence<\/strong> lorsqu&rsquo;il s&rsquo;agit de cr\u00e9er des espaces<\/p>&#13;\n&#13;\n<div id=\"mttContainer\" class=\"bootstrapiso notranslate\" dir=\"ltr\" style=\"transform: translate(97px, 75px);\" title=\"\" data-original-title=\"gran versatilidad\" aria-describedby=\"tooltip573932\">&#13;\n<div id=\"tooltip573932\" class=\"tooltip fade bs-tooltip-bottom\" style=\"position: absolute; transform: translate3d(448px, 5px, 0px); top: 0px; left: 0px; will-change: transform;\" role=\"tooltip\">&#13;\n<div class=\"arrow\" style=\"left: 0px;\"><\/div>&#13;\n<div class=\"tooltip-inner\">gran versatilidad<\/div>&#13;\n<\/div>&#13;\n<\/div><\/p>\n\n<p><p class=\"p1\">visuellement attrayants et se <strong>combine parfaitement<\/strong> avec le reste des couleurs et des \u00e9l\u00e9ments.<\/p>&#13;\n&#13;\n<div id=\"mttContainer\" class=\"bootstrapiso notranslate\" dir=\"ltr\" style=\"transform: translate(28px, 76px);\" title=\"\" data-original-title=\"combina perfectamente\"><\/div><\/p>\n\n<p><p class=\"p1\">L&rsquo;une des principales caract\u00e9ristiques qui font que cette couleur est la plus choisie dans la conception des cuisines est la <strong>sensation d&rsquo;espace<\/strong> qu&rsquo;elle procure. Elle donne l&rsquo;impression que les espaces sont plus amples et c&rsquo;est un d\u00e9tail \u00e0 prendre en compte, en particulier dans la conception de cuisines pour la maison. Le blanc refl\u00e8te la lumi\u00e8re naturelle et artificielle, il ne l&rsquo;absorbe pas comme les couleurs plus fonc\u00e9es, il cr\u00e9e donc des atmosph\u00e8res tr\u00e8s <strong>lumineuses et accueillantes<\/strong>, donnant lieu \u00e0 un espace plus chaleureux qui invite \u00e0 y passer du temps.<\/p>&#13;\n&#13;\n<div id=\"mttContainer\" class=\"bootstrapiso notranslate\" dir=\"ltr\" style=\"transform: translate(43px, 84px);\" title=\"\" data-original-title=\"brillante y acogedor\"><\/div><\/p>\n\n<figure class=\"wp-block-image size-full is-resized\"><img decoding=\"async\" src=\"https:\/\/bc3.es\/wp-content\/uploads\/2023\/07\/Cocinas-BC3-Cocinas-2.png\" alt=\"\" class=\"wp-image-8861\" width=\"840\" height=\"593\" srcset=\"https:\/\/bc3.es\/wp-content\/uploads\/2023\/07\/Cocinas-BC3-Cocinas-2.png 898w, https:\/\/bc3.es\/wp-content\/uploads\/2023\/07\/Cocinas-BC3-Cocinas-2-300x212.png 300w, https:\/\/bc3.es\/wp-content\/uploads\/2023\/07\/Cocinas-BC3-Cocinas-2-768x542.png 768w\" sizes=\"(max-width: 840px) 100vw, 840px\" \/><\/figure>\n\n<p><p class=\"p1\">Une autre caract\u00e9ristique de cette tendance en premier plan est la <strong>polyvalence et l&rsquo;adaptabilit\u00e9<\/strong> de la couleur blanche. C&rsquo;est une couleur neutre qui peut \u00eatre adapt\u00e9e et combin\u00e9e avec un large \u00e9ventail de couleurs et de styles. En outre, c&rsquo;est une couleur qui peut \u00eatre parfaitement assortie \u00e0 tout type de plan de travail, de rev\u00eatement ou d&rsquo;appareils \u00e9lectrom\u00e9nagers avec lesquels la cuisine con\u00e7ue est compl\u00e9t\u00e9e.<\/p>&#13;\nVoici l&rsquo;une de nos propositions pour combiner la finition blanche avec des couleurs plus vives. Comme on peut le voir, l&rsquo;harmonie est parfaite avec la couleur bleu ciel des portes de la cuisine et le sol dans les tons bois.&#13;\n<div id=\"mttContainer\" class=\"bootstrapiso notranslate\" dir=\"ltr\" style=\"transform: translate(3px, 97px);\" title=\"\" data-original-title=\"versatilidad y adaptabilidad\"><\/div><\/p>\n\n<figure class=\"wp-block-image size-full\"><img decoding=\"async\" width=\"856\" height=\"604\" src=\"https:\/\/bc3.es\/wp-content\/uploads\/2023\/07\/Cocinas-BC3-Cocinas-3.png\" alt=\"\" class=\"wp-image-8865\" srcset=\"https:\/\/bc3.es\/wp-content\/uploads\/2023\/07\/Cocinas-BC3-Cocinas-3.png 856w, https:\/\/bc3.es\/wp-content\/uploads\/2023\/07\/Cocinas-BC3-Cocinas-3-300x212.png 300w, https:\/\/bc3.es\/wp-content\/uploads\/2023\/07\/Cocinas-BC3-Cocinas-3-768x542.png 768w\" sizes=\"(max-width: 856px) 100vw, 856px\" \/><\/figure>\n\n<p><p class=\"p1\">L&rsquo;avantage du blanc pour la conception d&rsquo;une cuisine est qu&rsquo;il ne se d\u00e9modera jamais. Son <strong>intemporalit\u00e9 et sa durabilit\u00e9<\/strong> sont l&rsquo;une de ses principales caract\u00e9ristiques qui en font la couleur de choix pour la conception d&rsquo;une cuisine dans n&rsquo;importe quelle maison. En outre, le fait qu&rsquo;il s&rsquo;agisse d&rsquo;une couleur intemporelle permet de varier le style au fil des ans, en ayant la possibilit\u00e9 d&rsquo;utiliser cette couleur comme base dans la conception g\u00e9n\u00e9rale de la cuisine et de changer et de jouer avec des \u00e9l\u00e9ments d\u00e9coratifs de diff\u00e9rentes couleurs ou mat\u00e9riaux, pour cr\u00e9er de nouvelles sensations. Il s&rsquo;agit sans aucun doute de l&rsquo;une des couleurs les moins sales, m\u00eame si cela ne semble pas \u00eatre le cas \u00e0 premi\u00e8re vue, les rayures, les marques de doigts ou les taches sont beaucoup moins visibles.<\/p>&#13;\n&#13;\n<div id=\"mttContainer\" class=\"bootstrapiso notranslate\" dir=\"ltr\" style=\"transform: translate(22px, 132px);\" title=\"\" data-original-title=\"atemporalidad y durabilidad\"><\/div><\/p>\n\n<p><p class=\"p1\"><strong>BC3 COCINAS<\/strong> vous offre la possibilit\u00e9 de concevoir des portes stratifi\u00e9es blanches mod\u00e8le <strong>Luxor<\/strong>, un mat\u00e9riau totalement innovant de <strong>haute r\u00e9sistance<\/strong>, <strong>anti-bact\u00e9rien<\/strong> et avec une finition <strong>super mate anti-traces de doigts<\/strong>.<\/p>&#13;\n&#13;\n<div id=\"mttContainer\" class=\"bootstrapiso notranslate\" dir=\"ltr\" style=\"transform: translate(3px, 101px);\" title=\"\" data-original-title=\"alta resistencia\"><\/div><\/p>\n\n<figure class=\"wp-block-image size-full\"><img loading=\"lazy\" decoding=\"async\" width=\"898\" height=\"634\" src=\"https:\/\/bc3.es\/wp-content\/uploads\/2023\/07\/Cocinas-BC3-Cocinas-1.png\" alt=\"\" class=\"wp-image-8869\" srcset=\"https:\/\/bc3.es\/wp-content\/uploads\/2023\/07\/Cocinas-BC3-Cocinas-1.png 898w, https:\/\/bc3.es\/wp-content\/uploads\/2023\/07\/Cocinas-BC3-Cocinas-1-300x212.png 300w, https:\/\/bc3.es\/wp-content\/uploads\/2023\/07\/Cocinas-BC3-Cocinas-1-768x542.png 768w\" sizes=\"(max-width: 898px) 100vw, 898px\" \/><\/figure>\n\n<figure class=\"wp-block-image size-full\"><img loading=\"lazy\" decoding=\"async\" width=\"1024\" height=\"683\" src=\"https:\/\/bc3.es\/wp-content\/uploads\/2023\/07\/BC3_Showroom_29.jpg\" alt=\"\" class=\"wp-image-8877\" srcset=\"https:\/\/bc3.es\/wp-content\/uploads\/2023\/07\/BC3_Showroom_29.jpg 1024w, https:\/\/bc3.es\/wp-content\/uploads\/2023\/07\/BC3_Showroom_29-300x200.jpg 300w, https:\/\/bc3.es\/wp-content\/uploads\/2023\/07\/BC3_Showroom_29-768x512.jpg 768w\" sizes=\"(max-width: 1024px) 100vw, 1024px\" \/><\/figure>\n\n<figure class=\"wp-block-gallery has-nested-images columns-default is-cropped wp-block-gallery-1 is-layout-flex wp-block-gallery-is-layout-flex\">\n<figure class=\"wp-block-image size-large\"><img loading=\"lazy\" decoding=\"async\" width=\"1024\" height=\"683\" data-id=\"8873\" src=\"https:\/\/bc3.es\/wp-content\/uploads\/2023\/07\/BC3_Showroom_24-1024x683.jpg\" alt=\"\" class=\"wp-image-8873\" srcset=\"https:\/\/bc3.es\/wp-content\/uploads\/2023\/07\/BC3_Showroom_24-1024x683.jpg 1024w, https:\/\/bc3.es\/wp-content\/uploads\/2023\/07\/BC3_Showroom_24-300x200.jpg 300w, https:\/\/bc3.es\/wp-content\/uploads\/2023\/07\/BC3_Showroom_24-768x512.jpg 768w, https:\/\/bc3.es\/wp-content\/uploads\/2023\/07\/BC3_Showroom_24-1536x1024.jpg 1536w, https:\/\/bc3.es\/wp-content\/uploads\/2023\/07\/BC3_Showroom_24-2048x1365.jpg 2048w\" sizes=\"(max-width: 1024px) 100vw, 1024px\" \/><\/figure>\n\n\n\n<figure class=\"wp-block-image size-large\"><img loading=\"lazy\" decoding=\"async\" width=\"1024\" height=\"683\" data-id=\"8881\" src=\"https:\/\/bc3.es\/wp-content\/uploads\/2023\/07\/BC3-Showroom20230703_091-1024x683.jpg\" alt=\"\" class=\"wp-image-8881\" srcset=\"https:\/\/bc3.es\/wp-content\/uploads\/2023\/07\/BC3-Showroom20230703_091-1024x683.jpg 1024w, https:\/\/bc3.es\/wp-content\/uploads\/2023\/07\/BC3-Showroom20230703_091-300x200.jpg 300w, https:\/\/bc3.es\/wp-content\/uploads\/2023\/07\/BC3-Showroom20230703_091-768x512.jpg 768w, https:\/\/bc3.es\/wp-content\/uploads\/2023\/07\/BC3-Showroom20230703_091-1536x1024.jpg 1536w, https:\/\/bc3.es\/wp-content\/uploads\/2023\/07\/BC3-Showroom20230703_091.jpg 1920w\" sizes=\"(max-width: 1024px) 100vw, 1024px\" \/><\/figure>\n<\/figure>\n","protected":false},"excerpt":{"rendered":"<p>Un choix intemporel et sophistiqu\u00e9 qui continuera \u00e0 occuper le devant de la sc\u00e8ne dans la conception des cuisines. &#13; &#13; La couleur blanche pour la conception des cuisines continue d&rsquo;\u00eatre l&rsquo;une des finitions les plus populaires dans la conception des cuisines, car elle offre une grande polyvalence lorsqu&rsquo;il s&rsquo;agit de cr\u00e9er des espaces &#13; [&hellip;]<\/p>\n","protected":false},"author":10,"featured_media":8893,"comment_status":"closed","ping_status":"closed","sticky":false,"template":"","format":"standard","meta":{"_monsterinsights_skip_tracking":false,"_monsterinsights_sitenote_active":false,"_monsterinsights_sitenote_note":"","_monsterinsights_sitenote_category":0,"footnotes":""},"categories":[1],"tags":[],"class_list":["post-8915","post","type-post","status-publish","format-standard","has-post-thumbnail","hentry","category-sin-categorizar"],"_links":{"self":[{"href":"https:\/\/bc3.es\/fr\/wp-json\/wp\/v2\/posts\/8915","targetHints":{"allow":["GET"]}}],"collection":[{"href":"https:\/\/bc3.es\/fr\/wp-json\/wp\/v2\/posts"}],"about":[{"href":"https:\/\/bc3.es\/fr\/wp-json\/wp\/v2\/types\/post"}],"author":[{"embeddable":true,"href":"https:\/\/bc3.es\/fr\/wp-json\/wp\/v2\/users\/10"}],"replies":[{"embeddable":true,"href":"https:\/\/bc3.es\/fr\/wp-json\/wp\/v2\/comments?post=8915"}],"version-history":[{"count":1,"href":"https:\/\/bc3.es\/fr\/wp-json\/wp\/v2\/posts\/8915\/revisions"}],"predecessor-version":[{"id":8916,"href":"https:\/\/bc3.es\/fr\/wp-json\/wp\/v2\/posts\/8915\/revisions\/8916"}],"wp:featuredmedia":[{"embeddable":true,"href":"https:\/\/bc3.es\/fr\/wp-json\/wp\/v2\/media\/8893"}],"wp:attachment":[{"href":"https:\/\/bc3.es\/fr\/wp-json\/wp\/v2\/media?parent=8915"}],"wp:term":[{"taxonomy":"category","embeddable":true,"href":"https:\/\/bc3.es\/fr\/wp-json\/wp\/v2\/categories?post=8915"},{"taxonomy":"post_tag","embeddable":true,"href":"https:\/\/bc3.es\/fr\/wp-json\/wp\/v2\/tags?post=8915"}],"curies":[{"name":"wp","href":"https:\/\/api.w.org\/{rel}","templated":true}]}}