{"id":8936,"date":"2023-08-03T07:40:11","date_gmt":"2023-08-03T07:40:11","guid":{"rendered":"https:\/\/bc3.es\/le-bois-et-la-porcelaine-les-materiaux-tendance-pour-les-meubles-de-cuisines\/"},"modified":"2023-08-03T07:40:12","modified_gmt":"2023-08-03T07:40:12","slug":"le-bois-et-la-porcelaine-les-materiaux-tendance-pour-les-meubles-de-cuisines","status":"publish","type":"post","link":"https:\/\/bc3.es\/fr\/le-bois-et-la-porcelaine-les-materiaux-tendance-pour-les-meubles-de-cuisines\/","title":{"rendered":"LE BOIS ET LA PORCELAINE, LES MAT\u00c9RIAUX TENDANCE POUR LES MEUBLES DE CUISINES"},"content":{"rendered":"\n<p class=\"has-text-align-center\"><strong>Les mat\u00e9riaux naturels et \u00e9cologiques comme le bois en combinaison avec d&rsquo;autres mat\u00e9riaux comme la pierre et la c\u00e9ramique seront les mat\u00e9riaux de choix pour les nouvelles cuisines 2022-2023.<\/strong>&#13;\n<div id=\"mttContainer\" class=\"bootstrapiso notranslate\" style=\"transform: translate(167px, 122px);\" title=\"\" data-original-title=\"\"><\/div><\/p>\n\n<p><\/p>\n\n<figure class=\"wp-block-image aligncenter size-large is-resized\"><img fetchpriority=\"high\" decoding=\"async\" src=\"https:\/\/bc3.es\/wp-content\/uploads\/2023\/01\/BC3-Cocinas_EspacioCocina_2022-73-1024x683.jpg\" alt=\"\" class=\"wp-image-7644\" width=\"516\" height=\"344\" srcset=\"https:\/\/bc3.es\/wp-content\/uploads\/2023\/01\/BC3-Cocinas_EspacioCocina_2022-73-1024x683.jpg 1024w, https:\/\/bc3.es\/wp-content\/uploads\/2023\/01\/BC3-Cocinas_EspacioCocina_2022-73-300x200.jpg 300w, https:\/\/bc3.es\/wp-content\/uploads\/2023\/01\/BC3-Cocinas_EspacioCocina_2022-73-768x512.jpg 768w, https:\/\/bc3.es\/wp-content\/uploads\/2023\/01\/BC3-Cocinas_EspacioCocina_2022-73-1536x1025.jpg 1536w, https:\/\/bc3.es\/wp-content\/uploads\/2023\/01\/BC3-Cocinas_EspacioCocina_2022-73-2048x1366.jpg 2048w\" sizes=\"(max-width: 516px) 100vw, 516px\" \/><\/figure>\n\n<p class=\"has-text-align-center\"><\/p>\n\n<p>Les <strong>nouvelles collections BC3 COCINAS<\/strong> r\u00e9cemment pr\u00e9sent\u00e9es \u00e0 l&rsquo;ESPACIO COCINA SICI 2022 r\u00e9v\u00e8lent les <strong>mat\u00e9riaux tendance dans les meubles de cuisine pour cette ann\u00e9e 2022-2023.<\/strong>&#13;\n<div id=\"mttContainer\" class=\"bootstrapiso notranslate\" dir=\"ltr\" style=\"transform: translate(77px, 116px);\" title=\"\" data-original-title=\"materiales de moda en muebles de cocina para este a&#xF1;o 2022-2023.\"><\/div><\/p>\n\n<p>Les mat\u00e9riaux naturels et \u00e9cologiques sont une tendance dans les meubles de cuisine, ainsi que le m\u00e9lange de mat\u00e9riaux comme la combinaison de la pierre, du bois et de la c\u00e9ramique qui composent la cuisine.<\/p>\n\n<p class=\"has-text-align-center\"><strong>Le bois, le mat\u00e9riel par excellence pour les cuisines<\/strong>&#13;\n<div id=\"mttContainer\" class=\"bootstrapiso notranslate\" dir=\"ltr\" style=\"transform: translate(209px, 126px);\" title=\"\" data-original-title=\"La madera, el material por excelencia de las cocinas\" aria-describedby=\"tooltip576598\">&#13;\n<div id=\"tooltip576598\" class=\"tooltip fade bs-tooltip-top\" style=\"position: absolute; transform: translate3d(400px, -42px, 0px); top: 0px; left: 0px; will-change: transform;\" role=\"tooltip\">&#13;\n<div class=\"arrow\" style=\"left: 0px;\"><\/div>&#13;\n<div class=\"tooltip-inner\">La madera, el material por excelencia de las cocinas<\/div>&#13;\n<\/div>&#13;\n<\/div><\/p>\n\n<p>Le bois est devenu le mat\u00e9riel par excellence pour les meubles de cuisine, en raison de sa <strong>haute qualit\u00e9 et de son esth\u00e9tique naturelle et \u00e9cologique<\/strong>. L&rsquo;un des principaux avantages d&rsquo;une cuisine en bois est son esth\u00e9tique, car <strong>sa texture et sa couleur naturelle apportent de la chaleur \u00e0 la pi\u00e8ce de la maison<\/strong>, ce qui permet d&rsquo;int\u00e9grer la cuisine dans d&rsquo;autres espaces ou ambiances. Il s&rsquo;agit \u00e9galement d&rsquo;un mat\u00e9riel qui, gr\u00e2ce \u00e0 ses vari\u00e9t\u00e9s, ses vernis et ses finitions, pr\u00e9sente une <strong>grande durabilit\u00e9 dans le temps<\/strong>. Enfin, il s&rsquo;agit d&rsquo;une <strong>option fantastique \u00e0 combiner avec d&rsquo;autres mat\u00e9riaux modernes<\/strong> tels que l&rsquo;acier ou le verre.&#13;\n<div id=\"mttContainer\" class=\"bootstrapiso notranslate\" dir=\"ltr\" style=\"transform: translate(120px, 131px);\" title=\"\" data-original-title=\"gran durabilidad en el tiempo\" aria-describedby=\"tooltip991836\">&#13;\n<div id=\"tooltip991836\" class=\"tooltip fade bs-tooltip-bottom\" style=\"position: absolute; transform: translate3d(408px, 0px, 0px); top: 0px; left: 0px; will-change: transform;\" role=\"tooltip\">&#13;\n<div class=\"arrow\" style=\"left: 0px;\"><\/div>&#13;\n<div class=\"tooltip-inner\">gran durabilidad en el tiempo<\/div>&#13;\n<\/div>&#13;\n<\/div><\/p>\n\n<p class=\"has-text-align-center\"><strong>Quels types de bois pouvons-nous trouver ?<\/strong>&#13;\n<div id=\"mttContainer\" class=\"bootstrapiso notranslate\" style=\"transform: translate(102px, 122px);\" title=\"\" data-original-title=\"\"><\/div><\/p>\n\n<p><strong>BC3 COCINAS propose diff\u00e9rents types de bois tels que le ch\u00eane, le h\u00eatre, le cerisier, le pin, le noyer<\/strong>, entre autres, <strong>avec diff\u00e9rents vernis pour obtenir diff\u00e9rentes finitions.<\/strong>&#13;\n<div id=\"mttContainer\" class=\"bootstrapiso notranslate\" dir=\"ltr\" style=\"transform: translate(86px, 130px);\" title=\"\" data-original-title=\"con diferentes barnices para obtener diferentes acabados.\"><\/div><\/p>\n\n<p><strong>Nous proposons \u00e9galement des mat\u00e9riaux tels que le bois massif et le bois plaqu\u00e9<\/strong>. Le bois massif permet de r\u00e9aliser des moulures, tandis que le bois plaqu\u00e9 a des chants en bois massif avec un scellement anti-humidit\u00e9 et les portes peuvent \u00eatre pleines ou encadr\u00e9es.&#13;\n<div id=\"mttContainer\" class=\"bootstrapiso notranslate\" dir=\"ltr\" style=\"transform: translate(1px, 82px);\" title=\"\" data-original-title=\"Tambi&#xE9;n ofrecemos materiales como madera maciza y madera contrachapada\"><\/div><\/p>\n\n<p><\/p>\n\n<figure class=\"wp-block-image aligncenter size-large is-resized\"><img decoding=\"async\" src=\"https:\/\/bc3.es\/wp-content\/uploads\/2023\/01\/BC3-Cocinas_EspacioCocina_2022-76-1-1024x683.jpg\" alt=\"\" class=\"wp-image-7652\" width=\"540\" height=\"360\" srcset=\"https:\/\/bc3.es\/wp-content\/uploads\/2023\/01\/BC3-Cocinas_EspacioCocina_2022-76-1-1024x683.jpg 1024w, https:\/\/bc3.es\/wp-content\/uploads\/2023\/01\/BC3-Cocinas_EspacioCocina_2022-76-1-300x200.jpg 300w, https:\/\/bc3.es\/wp-content\/uploads\/2023\/01\/BC3-Cocinas_EspacioCocina_2022-76-1-768x512.jpg 768w, https:\/\/bc3.es\/wp-content\/uploads\/2023\/01\/BC3-Cocinas_EspacioCocina_2022-76-1-1536x1025.jpg 1536w, https:\/\/bc3.es\/wp-content\/uploads\/2023\/01\/BC3-Cocinas_EspacioCocina_2022-76-1-2048x1366.jpg 2048w\" sizes=\"(max-width: 540px) 100vw, 540px\" \/><\/figure>\n\n<p><\/p>\n\n<p>Un exemple de bois massif issu des nouvelles collections BC3 est la <strong>collection Varese<\/strong>, o\u00f9 des <strong>portes en ch\u00eane massif ont \u00e9t\u00e9 utilis\u00e9es pour l&rsquo;\u00eelot central<\/strong>. Son design pr\u00e9sente des angles droits, adoucis par des <strong>moulures en bois massif qui stylisent l&rsquo;\u00eelot<\/strong> et combin\u00e9s avec des portes en laque mate avec finition anti-traces.&#13;\n<div id=\"mttContainer\" class=\"bootstrapiso notranslate\" dir=\"ltr\" style=\"transform: translate(45px, 65px);\" title=\"\" data-original-title=\"molduras de madera maciza que estilizan la isla\"><\/div><\/p>\n\n<p>Le <strong>style le plus populaire \u00e0 l&rsquo;heure actuelle est celui des cuisines blanches<\/strong> avec des portes unies dot\u00e9es de d\u00e9tails en bois de ch\u00eane naturel mat ou super mat avec syst\u00e8me anti-traces.&#13;\n<div id=\"mttContainer\" class=\"bootstrapiso notranslate\" dir=\"ltr\" style=\"transform: translate(438px, 132px);\" title=\"\" data-original-title=\"el estilo m&#xE1;s popular en este momento son las cocinas blancas\"><\/div><\/p>\n\n<p>Un bon exemple de ces tendances est <strong>la cuisine que nous avons pr\u00e9sent\u00e9e avec les architectes d&rsquo;int\u00e9rieur de ELE ROOM 62 au salon CASA DECOR de cette ann\u00e9e<\/strong>, o\u00f9 les couleurs chaudes et claires telles que le blanc pr\u00e9dominent en combinaison avec le bois.&#13;\n<div id=\"mttContainer\" class=\"bootstrapiso notranslate\" dir=\"ltr\" style=\"transform: translate(4px, 75px);\" title=\"\" data-original-title=\"la cocina que presentamos con los interioristas de ELE ROOM 62 en la feria CASA DECOR de este a&#xF1;o\" aria-describedby=\"tooltip649979\">&#13;\n<div id=\"tooltip649979\" class=\"tooltip fade bs-tooltip-bottom\" style=\"position: absolute; transform: translate3d(333px, -11px, 0px); top: 0px; left: 0px; will-change: transform;\" role=\"tooltip\">&#13;\n<div class=\"arrow\" style=\"left: 0px;\"><\/div>&#13;\n<div class=\"tooltip-inner\">la cocina que presentamos con los interioristas de ELE ROOM 62 en la feria CASA DECOR de este a\u00f1o<\/div>&#13;\n<\/div>&#13;\n<\/div><\/p>\n\n<p><\/p>\n\n<figure class=\"wp-block-image aligncenter size-large is-resized\"><img decoding=\"async\" src=\"https:\/\/bc3.es\/wp-content\/uploads\/2023\/01\/43.casa-decor-2022-espacio-bc3-cocinas-ele-room-62-cocina-altas_01-1024x683.jpg\" alt=\"\" class=\"wp-image-7640\" width=\"552\" height=\"368\" srcset=\"https:\/\/bc3.es\/wp-content\/uploads\/2023\/01\/43.casa-decor-2022-espacio-bc3-cocinas-ele-room-62-cocina-altas_01-1024x683.jpg 1024w, https:\/\/bc3.es\/wp-content\/uploads\/2023\/01\/43.casa-decor-2022-espacio-bc3-cocinas-ele-room-62-cocina-altas_01-300x200.jpg 300w, https:\/\/bc3.es\/wp-content\/uploads\/2023\/01\/43.casa-decor-2022-espacio-bc3-cocinas-ele-room-62-cocina-altas_01-768x512.jpg 768w, https:\/\/bc3.es\/wp-content\/uploads\/2023\/01\/43.casa-decor-2022-espacio-bc3-cocinas-ele-room-62-cocina-altas_01-1536x1024.jpg 1536w, https:\/\/bc3.es\/wp-content\/uploads\/2023\/01\/43.casa-decor-2022-espacio-bc3-cocinas-ele-room-62-cocina-altas_01-2048x1365.jpg 2048w\" sizes=\"(max-width: 552px) 100vw, 552px\" \/><\/figure>\n\n<p><\/p>\n\n<p><strong>La porcelaine, le mat\u00e9riel qui s&rsquo;harmonise parfaitement avec le bois<\/strong>&#13;\n<div id=\"mttContainer\" class=\"bootstrapiso notranslate\" dir=\"ltr\" style=\"transform: translate(1px, 80px);\" title=\"\" data-original-title=\"Porcel&#xE1;nico, el material que armoniza a la perfecci&#xF3;n con la madera\"><\/div><\/p>\n\n<p>S&rsquo;il est vrai que le bois est le mat\u00e9riel par excellence dans les cuisines, il existe un autre mat\u00e9riau qui fait de plus en plus d&rsquo;adeptes et qui <strong>se combine parfaitement avec le bois : la porcelaine.<\/strong>&#13;\n<div id=\"mttContainer\" class=\"bootstrapiso notranslate\" dir=\"ltr\" style=\"transform: translate(36px, 69px);\" title=\"\" data-original-title=\"Combina a la perfecci&#xF3;n con la madera: el porcel&#xE1;nico.\"><\/div><\/p>\n\n<p>Les avantages de ce mat\u00e9riau dans les cuisines sont nombreux, car il est tr\u00e8s <strong>r\u00e9sistant \u00e0 la chaleur, aux rayures, aux taches et \u00e0 la corrosion, et permet une plus grande propret\u00e9 et une meilleure hygi\u00e8ne<\/strong> que d&rsquo;autres mat\u00e9riaux. Il s&rsquo;agit \u00e9galement d&rsquo;un mat\u00e9riau de haute qualit\u00e9, qui permet des possibilit\u00e9s de conception infinies.&#13;\n<div id=\"mttContainer\" class=\"bootstrapiso notranslate\" dir=\"ltr\" style=\"transform: translate(18px, 120px);\" title=\"\" data-original-title=\"resistente al calor, a los ara&#xF1;azos, a las manchas y a la corrosi&#xF3;n, y permite una mayor limpieza y una mejor higiene\"><\/div><\/p>\n\n<p><strong>Chez BC3 COCINAS, nous avons jusqu&rsquo;\u00e0 7 mod\u00e8les de porcelaine<\/strong> dans diff\u00e9rentes nuances, plus claires et plus fonc\u00e9es, avec ou sans grain.&#13;\n<div id=\"mttContainer\" class=\"bootstrapiso notranslate\" style=\"transform: translate(190px, 34px);\" title=\"\" data-original-title=\"\">&#13;\n<div id=\"tooltip996687\" class=\"tooltip fade bs-tooltip-bottom\" style=\"position: absolute; transform: translate3d(5px, 12px, 0px); top: 0px; left: 0px; will-change: transform;\" role=\"tooltip\">&#13;\n<div class=\"arrow\" style=\"left: 0px;\"><\/div>&#13;\n<div class=\"tooltip-inner\">En BC3 COCINAS disponemos de hasta 7 modelos de porcelana<\/div>&#13;\n<\/div>&#13;\n<\/div>&#13;\n<div id=\"mttContainer\" class=\"bootstrapiso notranslate\" dir=\"ltr\" style=\"transform: translate(163px, 129px);\" title=\"\" data-original-title=\"En BC3 COCINAS disponemos de hasta 7 modelos de porcelana\" aria-describedby=\"tooltip996687\"><\/div><\/p>\n\n<p>L&rsquo;une des nouvelles collections BC3 COCINAS qui suit cette tendance \u00e0 combiner le bois et la porcelaine est la <strong>collection CHICAGO, qui pr\u00e9sente un \u00eelot entier en porcelaine avec un d\u00e9tail sur le plan de travail en bois naturel.<\/strong>&#13;\n<div id=\"mttContainer\" class=\"bootstrapiso notranslate\" dir=\"ltr\" style=\"transform: translate(146px, 127px);\" title=\"\" data-original-title=\"Colecci&#xF3;n CHICAGO, que presenta una isla entera en porcel&#xE1;nico con un detalle en la encimera en madera natural.\" aria-describedby=\"tooltip605100\">&#13;\n<div id=\"tooltip605100\" class=\"tooltip fade bs-tooltip-bottom\" style=\"position: absolute; transform: translate3d(400px, -12px, 0px); top: 0px; left: 0px; will-change: transform;\" role=\"tooltip\">&#13;\n<div class=\"arrow\" style=\"left: 0px;\"><\/div>&#13;\n<div class=\"tooltip-inner\">Colecci\u00f3n CHICAGO, que presenta una isla entera en porcel\u00e1nico con un detalle en la encimera en madera natural.<\/div>&#13;\n<\/div>&#13;\n<\/div><\/p>\n\n<p>\u00ab\u00a0Le design en porcelaine de l&rsquo;\u00eelot apporte une touche de lumi\u00e8re, tant au niveau des portes que du plan de travail, en obtenant un effet de bloc solide qui le fait ressortir et devenir le principal protagoniste de cette cuisine\u00a0\u00bb, <strong>explique Jorge Couto.<\/strong>&#13;\n<div id=\"mttContainer\" class=\"bootstrapiso notranslate\" style=\"transform: translate(-54px, 30px);\" title=\"\" data-original-title=\"\"><\/div>&#13;\n<div id=\"mttContainer\" class=\"bootstrapiso notranslate\" dir=\"ltr\" style=\"transform: translate(465px, 111px);\" title=\"\" data-original-title=\"&#x201C;El dise&#xF1;o porcel&#xE1;nico de la isla aporta un toque de luz, tanto en las puertas como en la encimera, consiguiendo un efecto bloque macizo que la hace destacar y convertirse en la gran protagonista de esta cocina&#x201D;\"><\/div><\/p>\n\n<p><\/p>\n\n<figure class=\"wp-block-image aligncenter size-large is-resized\"><img loading=\"lazy\" decoding=\"async\" src=\"https:\/\/bc3.es\/wp-content\/uploads\/2023\/01\/BC3-Cocinas_EspacioCocina_2022-73-1-1024x683.jpg\" alt=\"\" class=\"wp-image-7656\" width=\"546\" height=\"364\" srcset=\"https:\/\/bc3.es\/wp-content\/uploads\/2023\/01\/BC3-Cocinas_EspacioCocina_2022-73-1-1024x683.jpg 1024w, https:\/\/bc3.es\/wp-content\/uploads\/2023\/01\/BC3-Cocinas_EspacioCocina_2022-73-1-300x200.jpg 300w, https:\/\/bc3.es\/wp-content\/uploads\/2023\/01\/BC3-Cocinas_EspacioCocina_2022-73-1-768x512.jpg 768w, https:\/\/bc3.es\/wp-content\/uploads\/2023\/01\/BC3-Cocinas_EspacioCocina_2022-73-1-1536x1025.jpg 1536w, https:\/\/bc3.es\/wp-content\/uploads\/2023\/01\/BC3-Cocinas_EspacioCocina_2022-73-1-2048x1366.jpg 2048w\" sizes=\"(max-width: 546px) 100vw, 546px\" \/><\/figure>\n\n<p><\/p>\n\n<p>Un autre exemple est la <strong>collection Eucalipto qui combine le bois d&rsquo;eucalyptus fum\u00e9 avec la porcelaine et la texture laqu\u00e9e mate.<\/strong>&#13;\n<div id=\"mttContainer\" class=\"bootstrapiso notranslate\" dir=\"ltr\" style=\"transform: translate(119px, 118px);\" title=\"\" data-original-title=\"Colecci&#xF3;n Eucalipto que combina madera de eucalipto ahumado con porcel&#xE1;nico y textura lacada mate.\" aria-describedby=\"tooltip841468\">&#13;\n<div id=\"tooltip841468\" class=\"tooltip fade bs-tooltip-top\" style=\"position: absolute; transform: translate3d(400px, -84px, 0px); top: 0px; left: 0px; will-change: transform;\" role=\"tooltip\">&#13;\n<div class=\"arrow\" style=\"left: 0px;\"><\/div>&#13;\n<div class=\"tooltip-inner\">Colecci\u00f3n Eucalipto que combina madera de eucalipto ahumado con porcel\u00e1nico y textura lacada mate.<\/div>&#13;\n<\/div>&#13;\n<\/div><\/p>\n\n<p><\/p>\n\n<figure class=\"wp-block-image aligncenter size-large is-resized\"><img loading=\"lazy\" decoding=\"async\" src=\"https:\/\/bc3.es\/wp-content\/uploads\/2023\/01\/BC3-Cocinas_EspacioCocina_2022-64-1024x683.jpg\" alt=\"\" class=\"wp-image-7660\" width=\"558\" height=\"372\" srcset=\"https:\/\/bc3.es\/wp-content\/uploads\/2023\/01\/BC3-Cocinas_EspacioCocina_2022-64-1024x683.jpg 1024w, https:\/\/bc3.es\/wp-content\/uploads\/2023\/01\/BC3-Cocinas_EspacioCocina_2022-64-300x200.jpg 300w, https:\/\/bc3.es\/wp-content\/uploads\/2023\/01\/BC3-Cocinas_EspacioCocina_2022-64-768x512.jpg 768w, https:\/\/bc3.es\/wp-content\/uploads\/2023\/01\/BC3-Cocinas_EspacioCocina_2022-64-1536x1024.jpg 1536w, https:\/\/bc3.es\/wp-content\/uploads\/2023\/01\/BC3-Cocinas_EspacioCocina_2022-64-2048x1366.jpg 2048w\" sizes=\"(max-width: 558px) 100vw, 558px\" \/><\/figure>\n","protected":false},"excerpt":{"rendered":"<p>Les mat\u00e9riaux naturels et \u00e9cologiques comme le bois en combinaison avec d&rsquo;autres mat\u00e9riaux comme la pierre et la c\u00e9ramique seront les mat\u00e9riaux de choix pour les nouvelles cuisines 2022-2023.&#13; Les nouvelles collections BC3 COCINAS r\u00e9cemment pr\u00e9sent\u00e9es \u00e0 l&rsquo;ESPACIO COCINA SICI 2022 r\u00e9v\u00e8lent les mat\u00e9riaux tendance dans les meubles de cuisine pour cette ann\u00e9e 2022-2023.&#13; Les [&hellip;]<\/p>\n","protected":false},"author":10,"featured_media":7644,"comment_status":"closed","ping_status":"closed","sticky":false,"template":"","format":"standard","meta":{"_monsterinsights_skip_tracking":false,"_monsterinsights_sitenote_active":false,"_monsterinsights_sitenote_note":"","_monsterinsights_sitenote_category":0,"footnotes":""},"categories":[1],"tags":[],"class_list":["post-8936","post","type-post","status-publish","format-standard","has-post-thumbnail","hentry","category-sin-categorizar"],"_links":{"self":[{"href":"https:\/\/bc3.es\/fr\/wp-json\/wp\/v2\/posts\/8936","targetHints":{"allow":["GET"]}}],"collection":[{"href":"https:\/\/bc3.es\/fr\/wp-json\/wp\/v2\/posts"}],"about":[{"href":"https:\/\/bc3.es\/fr\/wp-json\/wp\/v2\/types\/post"}],"author":[{"embeddable":true,"href":"https:\/\/bc3.es\/fr\/wp-json\/wp\/v2\/users\/10"}],"replies":[{"embeddable":true,"href":"https:\/\/bc3.es\/fr\/wp-json\/wp\/v2\/comments?post=8936"}],"version-history":[{"count":1,"href":"https:\/\/bc3.es\/fr\/wp-json\/wp\/v2\/posts\/8936\/revisions"}],"predecessor-version":[{"id":8937,"href":"https:\/\/bc3.es\/fr\/wp-json\/wp\/v2\/posts\/8936\/revisions\/8937"}],"wp:featuredmedia":[{"embeddable":true,"href":"https:\/\/bc3.es\/fr\/wp-json\/wp\/v2\/media\/7644"}],"wp:attachment":[{"href":"https:\/\/bc3.es\/fr\/wp-json\/wp\/v2\/media?parent=8936"}],"wp:term":[{"taxonomy":"category","embeddable":true,"href":"https:\/\/bc3.es\/fr\/wp-json\/wp\/v2\/categories?post=8936"},{"taxonomy":"post_tag","embeddable":true,"href":"https:\/\/bc3.es\/fr\/wp-json\/wp\/v2\/tags?post=8936"}],"curies":[{"name":"wp","href":"https:\/\/api.w.org\/{rel}","templated":true}]}}