{"id":9903,"date":"2024-03-05T09:26:00","date_gmt":"2024-03-05T09:26:00","guid":{"rendered":"https:\/\/bc3.es\/?p=9903"},"modified":"2024-04-16T14:28:22","modified_gmt":"2024-04-16T14:28:22","slug":"nous-inaugurons-une-nouvelle-usine-a-grenade-avec-une-capacite-de-production-de-plus-de-12-000-cuisines-par-an","status":"publish","type":"post","link":"https:\/\/bc3.es\/fr\/nous-inaugurons-une-nouvelle-usine-a-grenade-avec-une-capacite-de-production-de-plus-de-12-000-cuisines-par-an\/","title":{"rendered":"Nous Inaugurons une Nouvelle Usine \u00e0 Grenade avec une Capacit\u00e9 de Production de Plus de 12.000 Cuisines par An"},"content":{"rendered":"\n<figure class=\"wp-block-image size-large\"><img fetchpriority=\"high\" decoding=\"async\" width=\"1024\" height=\"576\" src=\"https:\/\/bc3.es\/wp-content\/uploads\/2024\/03\/BC3-GRANADA-031-1024x576.jpg\" alt=\"\" class=\"wp-image-9907\" srcset=\"https:\/\/bc3.es\/wp-content\/uploads\/2024\/03\/BC3-GRANADA-031-1024x576.jpg 1024w, https:\/\/bc3.es\/wp-content\/uploads\/2024\/03\/BC3-GRANADA-031-300x169.jpg 300w, https:\/\/bc3.es\/wp-content\/uploads\/2024\/03\/BC3-GRANADA-031-768x432.jpg 768w, https:\/\/bc3.es\/wp-content\/uploads\/2024\/03\/BC3-GRANADA-031-1536x864.jpg 1536w, https:\/\/bc3.es\/wp-content\/uploads\/2024\/03\/BC3-GRANADA-031-2048x1152.jpg 2048w\" sizes=\"(max-width: 1024px) 100vw, 1024px\" \/><\/figure>\n\n<ul class=\"wp-block-list\">\n<li><i>Notre objectif dans cette nouvelle usine est de renouveler le service dans le canal de construction, r\u00e9affirmant ainsi notre engagement envers l&rsquo;am\u00e9lioration continue et cherchant \u00e0 offrir une r\u00e9ponse plus efficace et agile aux demandes du march\u00e9. <\/i><\/li>\n<\/ul>\n\n<ul class=\"wp-block-list\">\n<li><i>En ligne avec les principes du Lean Manufacturing, ce centre de fabrication est actuellement en processus de mise en \u0153uvre de la norme ISO 9001. Cette initiative refl\u00e8te notre engagement envers la responsabilit\u00e9 sociale et environnementale, d\u00e9montrant notre d\u00e9vouement \u00e0 l&rsquo;excellence op\u00e9rationnelle et \u00e0 l&rsquo;am\u00e9lioration continue.<\/i><\/li>\n<\/ul>\n\n<p><\/p>\n\n<p>Chez <strong>BC3 Cuisines<\/strong>, nous c\u00e9l\u00e9brons l&rsquo;ouverture de notre <strong>nouvelle usine \u00e0 Grenade<\/strong>, marquant un jalon important dans notre parcours professionnel de plus de 40 ans. Cette installation moderne est <strong>\u00e9quip\u00e9e des derni\u00e8res technologies pour le traitement des meubles de cuisine <\/strong>et a une capacit\u00e9<strong> de production de plus de 12 000 cuisines par an<\/strong>. Cette usine, qui consolide non seulement notre position sur le march\u00e9, mais refl\u00e8te \u00e9galement notre engagement continu envers l&rsquo;innovation et l&rsquo;excellence dans l&rsquo;industrie du mobilier de cuisine.<\/p>\n\n<figure class=\"wp-block-image size-full\"><img decoding=\"async\" width=\"2560\" height=\"1707\" src=\"https:\/\/bc3.es\/wp-content\/uploads\/2024\/03\/BC3-GRANADA-001-1.jpg\" alt=\"\" class=\"wp-image-9911\" srcset=\"https:\/\/bc3.es\/wp-content\/uploads\/2024\/03\/BC3-GRANADA-001-1.jpg 2560w, https:\/\/bc3.es\/wp-content\/uploads\/2024\/03\/BC3-GRANADA-001-1-300x200.jpg 300w, https:\/\/bc3.es\/wp-content\/uploads\/2024\/03\/BC3-GRANADA-001-1-1024x683.jpg 1024w, https:\/\/bc3.es\/wp-content\/uploads\/2024\/03\/BC3-GRANADA-001-1-768x512.jpg 768w, https:\/\/bc3.es\/wp-content\/uploads\/2024\/03\/BC3-GRANADA-001-1-1536x1024.jpg 1536w, https:\/\/bc3.es\/wp-content\/uploads\/2024\/03\/BC3-GRANADA-001-1-2048x1366.jpg 2048w\" sizes=\"(max-width: 2560px) 100vw, 2560px\" \/><\/figure>\n\n<p>Notre projet d&rsquo;expansion et de mise en \u0153uvre de BC3 Cocinas se concentre sur deux objectifs cl\u00e9s : am\u00e9liorer la planification et l&rsquo;allocation des ressources, et rationaliser la communication et le service client.<\/p>\n\n<p>Le but principal de cette nouvelle usine est <strong>d&rsquo;am\u00e9liorer le service dans le canal de chantier<\/strong>, d\u00e9montrant ainsi notre engagement envers l&rsquo;am\u00e9lioration continue et la satisfaction du client. Cette avanc\u00e9e ne fait pas seulement cro\u00eetre notre capacit\u00e9 de production et notre pr\u00e9sence, mais marque \u00e9galement le d\u00e9but d&rsquo;une int\u00e9gration verticale compl\u00e8te dans ce segment. Cette int\u00e9gration garantira un contr\u00f4le plus rigoureux de la cha\u00eene d&rsquo;approvisionnement et de production, assurant une plus grande efficacit\u00e9 et qualit\u00e9 dans les produits et services que nous offrons, en accord avec les demandes du march\u00e9.<\/p>\n\n<figure class=\"wp-block-image size-full\"><img decoding=\"async\" width=\"2560\" height=\"1707\" src=\"https:\/\/bc3.es\/wp-content\/uploads\/2024\/03\/SA_2078-scaled.jpg\" alt=\"\" class=\"wp-image-9915\" srcset=\"https:\/\/bc3.es\/wp-content\/uploads\/2024\/03\/SA_2078-scaled.jpg 2560w, https:\/\/bc3.es\/wp-content\/uploads\/2024\/03\/SA_2078-300x200.jpg 300w, https:\/\/bc3.es\/wp-content\/uploads\/2024\/03\/SA_2078-1024x683.jpg 1024w, https:\/\/bc3.es\/wp-content\/uploads\/2024\/03\/SA_2078-768x512.jpg 768w, https:\/\/bc3.es\/wp-content\/uploads\/2024\/03\/SA_2078-1536x1024.jpg 1536w, https:\/\/bc3.es\/wp-content\/uploads\/2024\/03\/SA_2078-2048x1365.jpg 2048w\" sizes=\"(max-width: 2560px) 100vw, 2560px\" \/><\/figure>\n\n<p>De plus, nous valorisons profond\u00e9ment le facteur humain comme partie int\u00e9grante de notre r\u00e9ussite commerciale. Au-del\u00e0 de la production, nous mettons en avant la qualit\u00e9 de notre <strong>\u00e9quipe de professionnels<\/strong>, qui b\u00e9n\u00e9ficie d&rsquo;un haut niveau de qualification et s&rsquo;engage envers l&rsquo;excellence. Le personnel de la nouvelle usine apporte non seulement de l&rsquo;exp\u00e9rience et des comp\u00e9tences techniques, mais aussi un fort engagement envers la mission et les valeurs de l&rsquo;entreprise.<\/p>\n\n<figure class=\"wp-block-image size-large\"><img loading=\"lazy\" decoding=\"async\" width=\"1024\" height=\"1024\" src=\"https:\/\/bc3.es\/wp-content\/uploads\/2024\/04\/BC3-GRANADA-041-1024x1024.jpg\" alt=\"\" class=\"wp-image-10321\" srcset=\"https:\/\/bc3.es\/wp-content\/uploads\/2024\/04\/BC3-GRANADA-041-1024x1024.jpg 1024w, https:\/\/bc3.es\/wp-content\/uploads\/2024\/04\/BC3-GRANADA-041-300x300.jpg 300w, https:\/\/bc3.es\/wp-content\/uploads\/2024\/04\/BC3-GRANADA-041-150x150.jpg 150w, https:\/\/bc3.es\/wp-content\/uploads\/2024\/04\/BC3-GRANADA-041-768x768.jpg 768w, https:\/\/bc3.es\/wp-content\/uploads\/2024\/04\/BC3-GRANADA-041-1536x1536.jpg 1536w, https:\/\/bc3.es\/wp-content\/uploads\/2024\/04\/BC3-GRANADA-041-2048x2048.jpg 2048w\" sizes=\"(max-width: 1024px) 100vw, 1024px\" \/><\/figure>\n\n<figure class=\"wp-block-image size-full\"><img loading=\"lazy\" decoding=\"async\" width=\"1499\" height=\"1536\" src=\"https:\/\/bc3.es\/wp-content\/uploads\/2024\/03\/directivos.jpeg\" alt=\"\" class=\"wp-image-9973\" srcset=\"https:\/\/bc3.es\/wp-content\/uploads\/2024\/03\/directivos.jpeg 1499w, https:\/\/bc3.es\/wp-content\/uploads\/2024\/03\/directivos-293x300.jpeg 293w, https:\/\/bc3.es\/wp-content\/uploads\/2024\/03\/directivos-999x1024.jpeg 999w, https:\/\/bc3.es\/wp-content\/uploads\/2024\/03\/directivos-768x787.jpeg 768w\" sizes=\"(max-width: 1499px) 100vw, 1499px\" \/><\/figure>\n\n<p>L&rsquo;usine met en place les principes du <strong>Lean Manufacturing<\/strong>, qui consistent en l&rsquo;am\u00e9lioration continue et l&rsquo;optimisation du syst\u00e8me de production en \u00e9liminant les gaspillages et les activit\u00e9s qui n&rsquo;ajoutent aucune valeur.<\/p>\n\n<p>Pour cela, nous sommes en cours de mise en \u0153uvre de <strong>la norme ISO 9001<\/strong>, une norme internationalement reconnue qui certifie la qualit\u00e9 du syst\u00e8me de gestion de l&rsquo;organisation. Ce processus souligne notre engagement envers la responsabilit\u00e9 sociale et environnementale, puisque la norme ISO 9001 traite non seulement de la qualit\u00e9 du produit final, mais \u00e9galement de l&rsquo;efficacit\u00e9 des processus et de la satisfaction du client, en promouvant des pratiques durables dans tous les domaines d&rsquo;exploitation.<\/p>\n\n<figure class=\"wp-block-gallery has-nested-images columns-default is-cropped wp-block-gallery-1 is-layout-flex wp-block-gallery-is-layout-flex\">\n<figure class=\"wp-block-image size-large\"><img loading=\"lazy\" decoding=\"async\" width=\"683\" height=\"1024\" data-id=\"9966\" src=\"https:\/\/bc3.es\/wp-content\/uploads\/2024\/03\/SA_2260-683x1024.jpg\" alt=\"\" class=\"wp-image-9966\" srcset=\"https:\/\/bc3.es\/wp-content\/uploads\/2024\/03\/SA_2260-683x1024.jpg 683w, https:\/\/bc3.es\/wp-content\/uploads\/2024\/03\/SA_2260-200x300.jpg 200w, https:\/\/bc3.es\/wp-content\/uploads\/2024\/03\/SA_2260-768x1152.jpg 768w, https:\/\/bc3.es\/wp-content\/uploads\/2024\/03\/SA_2260-1024x1536.jpg 1024w, https:\/\/bc3.es\/wp-content\/uploads\/2024\/03\/SA_2260-1365x2048.jpg 1365w, https:\/\/bc3.es\/wp-content\/uploads\/2024\/03\/SA_2260-scaled.jpg 1707w\" sizes=\"(max-width: 683px) 100vw, 683px\" \/><\/figure>\n\n\n\n<figure class=\"wp-block-image size-large\"><img loading=\"lazy\" decoding=\"async\" width=\"695\" height=\"1024\" data-id=\"9942\" src=\"https:\/\/bc3.es\/wp-content\/uploads\/2024\/03\/BC3-GRANADA-010-1-695x1024.jpg\" alt=\"\" class=\"wp-image-9942\" srcset=\"https:\/\/bc3.es\/wp-content\/uploads\/2024\/03\/BC3-GRANADA-010-1-695x1024.jpg 695w, https:\/\/bc3.es\/wp-content\/uploads\/2024\/03\/BC3-GRANADA-010-1-204x300.jpg 204w, https:\/\/bc3.es\/wp-content\/uploads\/2024\/03\/BC3-GRANADA-010-1-768x1132.jpg 768w, https:\/\/bc3.es\/wp-content\/uploads\/2024\/03\/BC3-GRANADA-010-1-1042x1536.jpg 1042w, https:\/\/bc3.es\/wp-content\/uploads\/2024\/03\/BC3-GRANADA-010-1-1390x2048.jpg 1390w, https:\/\/bc3.es\/wp-content\/uploads\/2024\/03\/BC3-GRANADA-010-1-scaled.jpg 1737w\" sizes=\"(max-width: 695px) 100vw, 695px\" \/><\/figure>\n\n\n\n<figure class=\"wp-block-image size-large\"><img loading=\"lazy\" decoding=\"async\" width=\"728\" height=\"1024\" data-id=\"9962\" src=\"https:\/\/bc3.es\/wp-content\/uploads\/2024\/03\/BC3-GRANADA-045_maquina-1-728x1024.jpg\" alt=\"\" class=\"wp-image-9962\" srcset=\"https:\/\/bc3.es\/wp-content\/uploads\/2024\/03\/BC3-GRANADA-045_maquina-1-728x1024.jpg 728w, https:\/\/bc3.es\/wp-content\/uploads\/2024\/03\/BC3-GRANADA-045_maquina-1-213x300.jpg 213w, https:\/\/bc3.es\/wp-content\/uploads\/2024\/03\/BC3-GRANADA-045_maquina-1-768x1080.jpg 768w, https:\/\/bc3.es\/wp-content\/uploads\/2024\/03\/BC3-GRANADA-045_maquina-1-1092x1536.jpg 1092w, https:\/\/bc3.es\/wp-content\/uploads\/2024\/03\/BC3-GRANADA-045_maquina-1-1456x2048.jpg 1456w, https:\/\/bc3.es\/wp-content\/uploads\/2024\/03\/BC3-GRANADA-045_maquina-1-scaled.jpg 1820w\" sizes=\"(max-width: 728px) 100vw, 728px\" \/><\/figure>\n\n\n\n<figure class=\"wp-block-image size-large\"><img loading=\"lazy\" decoding=\"async\" width=\"1024\" height=\"683\" data-id=\"9946\" src=\"https:\/\/bc3.es\/wp-content\/uploads\/2024\/03\/BC3-GRANADA-020-1024x683.jpg\" alt=\"\" class=\"wp-image-9946\" srcset=\"https:\/\/bc3.es\/wp-content\/uploads\/2024\/03\/BC3-GRANADA-020-1024x683.jpg 1024w, https:\/\/bc3.es\/wp-content\/uploads\/2024\/03\/BC3-GRANADA-020-300x200.jpg 300w, https:\/\/bc3.es\/wp-content\/uploads\/2024\/03\/BC3-GRANADA-020-768x512.jpg 768w, https:\/\/bc3.es\/wp-content\/uploads\/2024\/03\/BC3-GRANADA-020-1536x1024.jpg 1536w, https:\/\/bc3.es\/wp-content\/uploads\/2024\/03\/BC3-GRANADA-020-2048x1366.jpg 2048w\" sizes=\"(max-width: 1024px) 100vw, 1024px\" \/><\/figure>\n<\/figure>\n","protected":false},"excerpt":{"rendered":"<p>Chez BC3 Cuisines, nous c\u00e9l\u00e9brons l&rsquo;ouverture de notre nouvelle usine \u00e0 Grenade, marquant un jalon important dans notre parcours professionnel de plus de 40 ans. Cette installation moderne est \u00e9quip\u00e9e des derni\u00e8res technologies pour le traitement des meubles de cuisine et a une capacit\u00e9 de production de plus de 12 000 cuisines par an. Cette usine, qui consolide non seulement notre position sur le march\u00e9, mais refl\u00e8te \u00e9galement notre engagement continu envers l&rsquo;innovation et l&rsquo;excellence dans l&rsquo;industrie du mobilier de cuisine.<\/p>\n","protected":false},"author":10,"featured_media":9927,"comment_status":"closed","ping_status":"closed","sticky":false,"template":"","format":"standard","meta":{"_monsterinsights_skip_tracking":false,"_monsterinsights_sitenote_active":false,"_monsterinsights_sitenote_note":"","_monsterinsights_sitenote_category":0,"footnotes":""},"categories":[1],"tags":[24,63,71],"class_list":["post-9903","post","type-post","status-publish","format-standard","has-post-thumbnail","hentry","category-sin-categorizar","tag-cocinas-profesionales","tag-tendencias","tag-tendencias-2024"],"_links":{"self":[{"href":"https:\/\/bc3.es\/fr\/wp-json\/wp\/v2\/posts\/9903","targetHints":{"allow":["GET"]}}],"collection":[{"href":"https:\/\/bc3.es\/fr\/wp-json\/wp\/v2\/posts"}],"about":[{"href":"https:\/\/bc3.es\/fr\/wp-json\/wp\/v2\/types\/post"}],"author":[{"embeddable":true,"href":"https:\/\/bc3.es\/fr\/wp-json\/wp\/v2\/users\/10"}],"replies":[{"embeddable":true,"href":"https:\/\/bc3.es\/fr\/wp-json\/wp\/v2\/comments?post=9903"}],"version-history":[{"count":12,"href":"https:\/\/bc3.es\/fr\/wp-json\/wp\/v2\/posts\/9903\/revisions"}],"predecessor-version":[{"id":10325,"href":"https:\/\/bc3.es\/fr\/wp-json\/wp\/v2\/posts\/9903\/revisions\/10325"}],"wp:featuredmedia":[{"embeddable":true,"href":"https:\/\/bc3.es\/fr\/wp-json\/wp\/v2\/media\/9927"}],"wp:attachment":[{"href":"https:\/\/bc3.es\/fr\/wp-json\/wp\/v2\/media?parent=9903"}],"wp:term":[{"taxonomy":"category","embeddable":true,"href":"https:\/\/bc3.es\/fr\/wp-json\/wp\/v2\/categories?post=9903"},{"taxonomy":"post_tag","embeddable":true,"href":"https:\/\/bc3.es\/fr\/wp-json\/wp\/v2\/tags?post=9903"}],"curies":[{"name":"wp","href":"https:\/\/api.w.org\/{rel}","templated":true}]}}